{"id":15136,"date":"2015-12-10T16:09:20","date_gmt":"2015-12-10T15:09:20","guid":{"rendered":"http:\/\/blog.radiofabrik.at\/artarium\/?p=15136"},"modified":"2015-12-13T19:54:26","modified_gmt":"2015-12-13T18:54:26","slug":"quando-sono-assente-mi-manco","status":"publish","type":"post","link":"https:\/\/blog.radiofabrik.at\/artarium\/2015\/12\/10\/quando-sono-assente-mi-manco\/","title":{"rendered":"Quando sono assente mi manco"},"content":{"rendered":"<p><strong>Sendung: <a href=\"http:\/\/cba.fro.at\/303570\" target=\"_blank\">Artarium vom Sonntag, 13. Dezember<\/a><\/strong> &#8211; Allein schon der Titel des <strong>Albums<\/strong> von <strong><a href=\"https:\/\/giacomosferlazzoilfigliodiabele.wordpress.com\/\" target=\"_blank\">Giacomo Sferlazzo<\/a><\/strong> ist eine philosophische Herausforderung. <strong>\u201cWenn ich abwesend bin, vermisse ich mich\u201d<\/strong>, lautet die \u00dcbersetzung. Doch <strong>abwesend wovon?<\/strong> Von einem Menschen, einer Gegend, geistesabwesend? <strong>Vom eigenen Selbst<\/strong> entfernt, entfremdet? <strong>Und vermissen?<\/strong> Da fehlt was, geht einem was ab, das tut weh &#8211; <strong>\u201c<\/strong><strong>mir mangelt\u201d<\/strong> ist nicht nur dem Klang nach mit <strong>\u201cmanco\u201d<\/strong> verwandt, sondern geht tats\u00e4chlich aufs lateinische <strong>\u201cmancus\u201d<\/strong> f\u00fcr <strong>\u201cgebrechlich, verkr\u00fcppelt, verst\u00fcmmelt\u201d<\/strong> zur\u00fcck. <strong>\u201cWenn ich nicht da bin, fehlt mir ein Fu\u00df&#8220;<\/strong>, k\u00f6nnte man also auch sagen. G\u00e4be es <strong>ein besseres Motto f\u00fcr einen Mann<\/strong>, der <strong>als Aktivist und als K\u00fcnstler<\/strong> seine <strong>Heimat<\/strong> <a href=\"https:\/\/de.wikipedia.org\/wiki\/Lampedusa\" target=\"_blank\"><strong>Lampedusa<\/strong><\/a> <strong>aufmischt<\/strong>, diesen <strong>bizarren EU-Au\u00dfenposten<\/strong> im l\u00e4ngst stattfindenden <strong>Krieg Arm gegen Reich?<\/strong><\/p>\n<p class=\"av-special-heading-tag\"><a href=\"https:\/\/blog.radiofabrik.at\/artarium\/files\/2015\/12\/Sferlazzo.jpg\"><img loading=\"lazy\" decoding=\"async\" class=\"alignleft wp-image-15145 size-medium\" src=\"https:\/\/blog.radiofabrik.at\/artarium\/files\/2015\/12\/Sferlazzo-300x207.jpg\" alt=\"Giacomo Sferlazzo\" width=\"300\" height=\"207\" srcset=\"https:\/\/blog.radiofabrik.at\/artarium\/files\/2015\/12\/Sferlazzo-300x207.jpg 300w, https:\/\/blog.radiofabrik.at\/artarium\/files\/2015\/12\/Sferlazzo-1024x706.jpg 1024w, https:\/\/blog.radiofabrik.at\/artarium\/files\/2015\/12\/Sferlazzo-435x300.jpg 435w, https:\/\/blog.radiofabrik.at\/artarium\/files\/2015\/12\/Sferlazzo.jpg 1500w\" sizes=\"auto, (max-width: 300px) 100vw, 300px\" \/><\/a><em>\u201cLiedermacher <strong>Giacomo Sferlazzo aus Lampedusa<\/strong> besingt nicht nur die Trag\u00f6dien, die sich im Mittelmeer mit Fl\u00fcchtlingen abspielen. Er hat auf seiner Heimatinsel auch ein Museum er\u00f6ffnet, das den Besuchern den Atem stocken l\u00e4sst. Denn die Exponate sind die bescheidenen <strong>Habseligkeiten von Fl\u00fcchtlingen<\/strong>. Nicht nur Wasserflaschen oder Rettungswesten von \u00dcberlebenden, sondern auch vom Meer an Land gesp\u00fclte letzte Erinnerungen an verlorene Seelen, denen das Meer zur Grabst\u00e4tte geworden ist.\u201d &#8211; <\/em><strong>So<\/strong> <strong>beginnt ein feines<\/strong> <strong>Portrait dieses mitf\u00fchlenden Widerspenstigen<\/strong>, das <strong><a href=\"https:\/\/www.bq-media.at\/das-team\/wolfgang-gran-2\/\" target=\"_blank\">Wolfgang Maria Gran<\/a><\/strong> und <a href=\"https:\/\/www.bq-media.at\/das-team\/joachim-bergauer\/\" target=\"_blank\"><strong>Joachim Bergauer<\/strong><\/a> unter dem <strong>Titel <a href=\"https:\/\/www.bq-media.at\/kategorien\/menschen\/mitte\/\" target=\"_blank\">\u201cDer Herr der Dinge\u201d<\/a><\/strong> auf ihrer etwas anderen <strong>Nachrichten-Agentur <a href=\"https:\/\/www.bq-media.at\/\" target=\"_blank\">BQ-Media<\/a><\/strong> ver\u00f6ffentlicht haben. <strong>Ihnen verdanken wir<\/strong> nicht nur <strong>das obige Foto<\/strong> von seinem Ausstellungsraum aus den Schwemmholzplanken versunkener Fl\u00fcchtlingsboote (hier ein schon etwas \u00e4lterer <a href=\"https:\/\/www.youtube.com\/watch?v=6RPrDtdXo3Q\" target=\"_blank\"><strong>ttt-Beitrag zum Projekt<\/strong><\/a> des <strong>\u201cMuseo delle Migrazioni\u201d<\/strong>), sondern \u00fcberhaupt das <strong>Kennenlernen seiner musikalischen Arbeit<\/strong> &#8211; und die hat es ebenfalls <strong>abgrundtief<\/strong> in sich! Denn der umtriebige<strong> 35-j\u00e4hrige Cantautore<\/strong> (und das ist beileibe mehr als blo\u00df <strong>\u201cLiedermacher\u201d<\/strong>) <strong>verarbeitet die vielf\u00e4ltigsten Einfl\u00fcsse<\/strong>&#8230;<\/p>\n<p class=\"av-special-heading-tag\">Dazu lie\u00dfe sich jetzt noch <strong>eine ganze Menge<\/strong> daherschreiben, doch wir wollen uns ja nicht \u00fcberanstrengen (und eine musikwissenschaftliche <strong>Arbeit<\/strong> soll das hier auch nicht werden). Ihr k\u00f6nnt als<strong> Vorgeschmack auf die Aush\u00e4ngigkeit<\/strong> von <strong>Giacomo Sferlazzo<\/strong>, <strong>seiner Weltsicht<\/strong> und <strong>seiner Musik<\/strong> schon mal dieses <strong><a href=\"https:\/\/www.youtube.com\/watch?v=jPe-gxlCs7A\" target=\"_blank\">Video von Tu e Io<\/a><\/strong> aus seinem aktuellen <strong>Album<\/strong>\u00a0w\u00fcrdigen, welchas wir ja <strong>in dieser Sendung<\/strong> ausf\u00fchrlich vorstellen&#8230;<\/p>\n<p class=\"av-special-heading-tag\">Oder auch die <strong>Ank\u00fcndigung der Ausstellung<\/strong> <span id=\"eow-title\" class=\"watch-title \" dir=\"ltr\" title=\"'HUMAN RIGHTS?' #MIGRANTES | DETAILS\"><a href=\"https:\/\/www.youtube.com\/watch?v=-YJEIOzfWjg\" target=\"_blank\"><strong>&#8218;HUMAN RIGHTS?&#8216; #MIGRANTES<\/strong><\/a> <strong>von 2013 in Rovereto<\/strong>. Dann versteht ihr schnell, warum sich <strong>bei ihm auf das Wort Tortura (Folter)<\/strong> der Satz <strong>\u201cIo non ho paura\u201d (Ich habe keine Angst)<\/strong> reimt. Und warum ich mir in dieser <strong>\u201c<\/strong><strong>Kulturstadt Salzburg\u201d<\/strong> am liebsten die Bratpfanne auf den Kopf hauen m\u00f6cht!<br \/>\n<\/span><\/p>\n<p class=\"av-special-heading-tag\">Ihr k\u00f6nnt uns aber auch <a href=\"https:\/\/blog.radiofabrik.at\/nachtfahrt\/uncategorized\/cafe-unstet\/\" target=\"_blank\"><strong>in unserem Caf\u00e9 Unstet<\/strong><\/a> besuchen&#8230;<\/p>\n<p class=\"av-special-heading-tag\">\n","protected":false},"excerpt":{"rendered":"<p>Sendung: Artarium vom Sonntag, 13. Dezember &#8211; Allein schon der Titel des Albums von Giacomo Sferlazzo ist eine philosophische Herausforderung. \u201cWenn ich abwesend bin, vermisse ich mich\u201d, lautet die \u00dcbersetzung. Doch abwesend wovon? Von einem Menschen, einer Gegend, geistesabwesend? Vom &hellip; <a href=\"https:\/\/blog.radiofabrik.at\/artarium\/2015\/12\/10\/quando-sono-assente-mi-manco\/\">Weiterlesen <span class=\"meta-nav\">&rarr;<\/span><\/a><\/p>\n","protected":false},"author":5,"featured_media":0,"comment_status":"closed","ping_status":"open","sticky":false,"template":"","format":"standard","meta":{"footnotes":""},"categories":[67,68,69,15],"tags":[4009,84,16284,89],"class_list":["post-15136","post","type-post","status-publish","format-standard","hentry","category-konzept-entwicklung","category-artarium-news","category-neue-projekte","category-sendungen","tag-das-ganze-album","tag-kunnst","tag-musik","tag-portrait"],"aioseo_notices":[],"_links":{"self":[{"href":"https:\/\/blog.radiofabrik.at\/artarium\/wp-json\/wp\/v2\/posts\/15136","targetHints":{"allow":["GET"]}}],"collection":[{"href":"https:\/\/blog.radiofabrik.at\/artarium\/wp-json\/wp\/v2\/posts"}],"about":[{"href":"https:\/\/blog.radiofabrik.at\/artarium\/wp-json\/wp\/v2\/types\/post"}],"author":[{"embeddable":true,"href":"https:\/\/blog.radiofabrik.at\/artarium\/wp-json\/wp\/v2\/users\/5"}],"replies":[{"embeddable":true,"href":"https:\/\/blog.radiofabrik.at\/artarium\/wp-json\/wp\/v2\/comments?post=15136"}],"version-history":[{"count":0,"href":"https:\/\/blog.radiofabrik.at\/artarium\/wp-json\/wp\/v2\/posts\/15136\/revisions"}],"wp:attachment":[{"href":"https:\/\/blog.radiofabrik.at\/artarium\/wp-json\/wp\/v2\/media?parent=15136"}],"wp:term":[{"taxonomy":"category","embeddable":true,"href":"https:\/\/blog.radiofabrik.at\/artarium\/wp-json\/wp\/v2\/categories?post=15136"},{"taxonomy":"post_tag","embeddable":true,"href":"https:\/\/blog.radiofabrik.at\/artarium\/wp-json\/wp\/v2\/tags?post=15136"}],"curies":[{"name":"wp","href":"https:\/\/api.w.org\/{rel}","templated":true}]}}