{"id":17262,"date":"2017-01-18T14:37:27","date_gmt":"2017-01-18T13:37:27","guid":{"rendered":"http:\/\/blog.radiofabrik.at\/artarium\/?p=17262"},"modified":"2017-01-22T19:50:39","modified_gmt":"2017-01-22T18:50:39","slug":"grosse-wellen","status":"publish","type":"post","link":"https:\/\/blog.radiofabrik.at\/artarium\/2017\/01\/18\/grosse-wellen\/","title":{"rendered":"Gro\u00dfe Wellen ?"},"content":{"rendered":"<p><strong>&gt; Sendung: <a href=\"https:\/\/cba.fro.at\/332931\" target=\"_blank\">Artarium vom Sonntag, 22. Januar<\/a><\/strong> &#8211; <strong>Gro\u00dfe Dinge<\/strong> entstehen ja oft <strong>im Kleinen<\/strong> &#8211; und ziehen deswegen erst recht <strong>weite Kreise<\/strong>. Ein <strong>Radiostammtisch<\/strong>, ein <strong>Film<\/strong> &#8211; und eine <strong>Verabschiedung<\/strong>. Das Gleichnis vom Wert der <strong>ganz pers\u00f6nlichen Revolution<\/strong>. Wos redt der? <strong>Eben<\/strong>. Allein schon der<strong> Titel jener Schweizer Komm\u00f6die<\/strong>, die wir uns diesmal <strong>beim winterlichen Radiotentreff<\/strong> einfl\u00f6\u00dfen, bietet genug Anlass zu interpretativen Spekulationen: <a href=\"https:\/\/www.youtube.com\/watch?v=jCPu-MAFqKI\" target=\"_blank\"><strong>Les Grandes Ondes (\u00e0 l&#8217;ouest)<\/strong><\/a> wurde auf Englisch etwa mit <strong>\u201cLongwave\u201d<\/strong> \u00fcbersetzt, auf Deutsch schon mal mit <strong>\u201cGro\u00dfe Wellen\u201d<\/strong>. Was k\u00f6nnte damit also gemeint sein? Das <strong>Funksignal<\/strong> eines Senders, die <strong>Gedanken\u00fcbertragung<\/strong> einer Gemeinschaft &#8211; oder <strong>die Wellen<\/strong>, die ein gro\u00dfes Ereignis sprichw\u00f6rtlich schl\u00e4gt? <strong>Vielsagend<\/strong> wie sein Titel ist <strong>der Film selbst<\/strong> &#8211; und <a href=\"http:\/\/www.movies.ch\/de\/film\/grandesondes\/\" target=\"_blank\"><strong>nicht ganz leicht zu bekommen<\/strong><\/a>.<\/p>\n<p><a href=\"https:\/\/blog.radiofabrik.at\/artarium\/files\/2017\/01\/gro\u00dfe-wellen-2.jpg\"><img loading=\"lazy\" decoding=\"async\" class=\"alignleft size-medium wp-image-17295\" src=\"https:\/\/blog.radiofabrik.at\/artarium\/files\/2017\/01\/gro\u00dfe-wellen-2-300x169.jpg\" alt=\"gro\u00dfe wellen innen\" width=\"300\" height=\"169\" srcset=\"https:\/\/blog.radiofabrik.at\/artarium\/files\/2017\/01\/gro\u00dfe-wellen-2-300x169.jpg 300w, https:\/\/blog.radiofabrik.at\/artarium\/files\/2017\/01\/gro\u00dfe-wellen-2-768x432.jpg 768w, https:\/\/blog.radiofabrik.at\/artarium\/files\/2017\/01\/gro\u00dfe-wellen-2-1024x576.jpg 1024w, https:\/\/blog.radiofabrik.at\/artarium\/files\/2017\/01\/gro\u00dfe-wellen-2-500x281.jpg 500w, https:\/\/blog.radiofabrik.at\/artarium\/files\/2017\/01\/gro\u00dfe-wellen-2.jpg 1400w\" sizes=\"auto, (max-width: 300px) 100vw, 300px\" \/><\/a><strong>Anfang der 70er Jahre<\/strong> wird das Reporterteam eines <strong>\u00f6ffentlich-rechtlichen<\/strong> Schweizer Senders nach Portugal abkommandiert, um <strong>\u201cpatriotische\u201d Reportagen<\/strong> \u00fcber eidgen\u00f6ssische Entwicklungshilfe zu produzieren. Und zwar, weil so <strong>ein Politiker<\/strong> pl\u00f6tzlich zu wissen glaubt, was <strong>das Publikum<\/strong> dieses Senders <strong>\u201ch\u00f6ren will\u201d<\/strong>. N\u00e4mlich <strong>mehr Volksmusik<\/strong> &#8211; und erw\u00e4hnt <strong>\u201cPatriotisches\u201d<\/strong>. Abgesehen von dieser <strong>Karikatur eines Populisten<\/strong> (oder des fr\u00fchen <strong>Formatradiogedankens<\/strong>, den wir uns ja zum Gl\u00fcck auch erspart haben), begegnen uns aber <strong>s\u00e4mtliche Charaktere<\/strong>, die wir <strong>aus dem eigenen Radio<\/strong> nur allzugut kennen: eine <strong>engagierte Feministin<\/strong>, ein <strong>leicht schrulliger Techniker<\/strong>, ein <strong>heimlich dementer Starreporter<\/strong> und &#8211; last but not least &#8211; ein <strong>frischg&#8217;fangter Praktikant<\/strong>, der dringend <strong>zum \u00dcbersetzen ben\u00f6tigt<\/strong> wird&#8230;<\/p>\n<p><a href=\"https:\/\/blog.radiofabrik.at\/artarium\/files\/2017\/01\/gro\u00dfe-wellen-1.jpg\"><img loading=\"lazy\" decoding=\"async\" class=\"alignleft size-medium wp-image-17315\" src=\"https:\/\/blog.radiofabrik.at\/artarium\/files\/2017\/01\/gro\u00dfe-wellen-1-300x169.jpg\" alt=\"gro\u00dfe wellen au\u00dfen\" width=\"300\" height=\"169\" srcset=\"https:\/\/blog.radiofabrik.at\/artarium\/files\/2017\/01\/gro\u00dfe-wellen-1-300x169.jpg 300w, https:\/\/blog.radiofabrik.at\/artarium\/files\/2017\/01\/gro\u00dfe-wellen-1-768x432.jpg 768w, https:\/\/blog.radiofabrik.at\/artarium\/files\/2017\/01\/gro\u00dfe-wellen-1-1024x576.jpg 1024w, https:\/\/blog.radiofabrik.at\/artarium\/files\/2017\/01\/gro\u00dfe-wellen-1-500x281.jpg 500w, https:\/\/blog.radiofabrik.at\/artarium\/files\/2017\/01\/gro\u00dfe-wellen-1.jpg 1400w\" sizes=\"auto, (max-width: 300px) 100vw, 300px\" \/><\/a><strong>Zugleich verabschieden<\/strong> wir uns (sch\u00f6n langsam und in Etappen) von unserer <strong>Programmkoordinatorin <a href=\"http:\/\/www.radiofabrik.at\/aboutus\/team\/programm\/eva.html\" target=\"_blank\">Eva Schmidhuber<\/a><\/strong>, die demn\u00e4chst im Rahmen ihrer <strong>Bildungskarenz<\/strong> nach <strong>Bischkek in Kirgistan<\/strong> reist, um dort angehenden <strong>Lehrer_innen<\/strong> die <strong>deutsche Sprache<\/strong> beizubringen &#8211; und wohl noch <strong>andere Abenteuer<\/strong> in der <strong>entlegenen Bergwelt<\/strong> rund um den <a href=\"https:\/\/de.wikipedia.org\/wiki\/Yssykk%C3%B6l\" target=\"_blank\"><strong>Yssyk\u00f6l<\/strong><\/a> zu bestehen. Wie bereits <strong>Reinhold Messner<\/strong> bemerkte: <em><strong>\u201cIch gehe in die Berge, um zu \u00dcberLeben.\u201d<\/strong><\/em> Wir w\u00fcnschen ihr demnach <strong>ein gutes Gelingen<\/strong> ihrer <strong>sprach- und kulturvermittelnden Lehrt\u00e4tigkeit<\/strong>, dar\u00fcber hinaus <strong>alles Gl\u00fcckselige<\/strong> &#8211; sowie <strong>sonnige Schitouren!<\/strong> Uns w\u00fcnschen wir ihre wohlbehaltene <strong>R\u00fcckkehr in alter Frische<\/strong> und <strong>mit vielen neuen Ideen<\/strong>, hat sie uns doch <strong>stets fein unterst\u00fctzt und bestens beraten<\/strong> &#8211; <strong>auch<\/strong> <strong>nicht nur beim \u00dcbersetzen<\/strong>&#8230;<\/p>\n<p>&#8230;<strong>wie etwa<\/strong> des genialen <strong>Sprechst\u00fccks<\/strong> <a href=\"https:\/\/www.youtube.com\/watch?v=oZj0OX61kLE\" target=\"_blank\"><strong>Crisi di mercato von Giacomo Sferlazzo<\/strong><\/a><\/p>\n<p>&nbsp;<\/p>\n","protected":false},"excerpt":{"rendered":"<p>&gt; Sendung: Artarium vom Sonntag, 22. Januar &#8211; Gro\u00dfe Dinge entstehen ja oft im Kleinen &#8211; und ziehen deswegen erst recht weite Kreise. Ein Radiostammtisch, ein Film &#8211; und eine Verabschiedung. Das Gleichnis vom Wert der ganz pers\u00f6nlichen Revolution. Wos &hellip; <a href=\"https:\/\/blog.radiofabrik.at\/artarium\/2017\/01\/18\/grosse-wellen\/\">Weiterlesen <span class=\"meta-nav\">&rarr;<\/span><\/a><\/p>\n","protected":false},"author":5,"featured_media":0,"comment_status":"closed","ping_status":"open","sticky":false,"template":"","format":"standard","meta":{"footnotes":""},"categories":[67,68,69,15],"tags":[4004,82,83,84,89,7591],"class_list":["post-17262","post","type-post","status-publish","format-standard","hentry","category-konzept-entwicklung","category-artarium-news","category-neue-projekte","category-sendungen","tag-aktion","tag-filmvideo","tag-inteam","tag-kunnst","tag-portrait","tag-zeit-geschichte"],"aioseo_notices":[],"_links":{"self":[{"href":"https:\/\/blog.radiofabrik.at\/artarium\/wp-json\/wp\/v2\/posts\/17262","targetHints":{"allow":["GET"]}}],"collection":[{"href":"https:\/\/blog.radiofabrik.at\/artarium\/wp-json\/wp\/v2\/posts"}],"about":[{"href":"https:\/\/blog.radiofabrik.at\/artarium\/wp-json\/wp\/v2\/types\/post"}],"author":[{"embeddable":true,"href":"https:\/\/blog.radiofabrik.at\/artarium\/wp-json\/wp\/v2\/users\/5"}],"replies":[{"embeddable":true,"href":"https:\/\/blog.radiofabrik.at\/artarium\/wp-json\/wp\/v2\/comments?post=17262"}],"version-history":[{"count":0,"href":"https:\/\/blog.radiofabrik.at\/artarium\/wp-json\/wp\/v2\/posts\/17262\/revisions"}],"wp:attachment":[{"href":"https:\/\/blog.radiofabrik.at\/artarium\/wp-json\/wp\/v2\/media?parent=17262"}],"wp:term":[{"taxonomy":"category","embeddable":true,"href":"https:\/\/blog.radiofabrik.at\/artarium\/wp-json\/wp\/v2\/categories?post=17262"},{"taxonomy":"post_tag","embeddable":true,"href":"https:\/\/blog.radiofabrik.at\/artarium\/wp-json\/wp\/v2\/tags?post=17262"}],"curies":[{"name":"wp","href":"https:\/\/api.w.org\/{rel}","templated":true}]}}