{"id":18602,"date":"2017-12-28T19:13:41","date_gmt":"2017-12-28T18:13:41","guid":{"rendered":"http:\/\/blog.radiofabrik.at\/artarium\/?p=18602"},"modified":"2017-12-31T19:30:11","modified_gmt":"2017-12-31T18:30:11","slug":"auf-in-ein-neues-jahr","status":"publish","type":"post","link":"https:\/\/blog.radiofabrik.at\/artarium\/2017\/12\/28\/auf-in-ein-neues-jahr\/","title":{"rendered":"Auf in ein neues Jahr"},"content":{"rendered":"<p><strong>&gt; Sendung: <a href=\"https:\/\/cba.fro.at\/357107\" target=\"_blank\" rel=\"noopener\">Artarium vom Sonntag 31. Dezember (Silvester)<\/a><\/strong>\u00a0&#8211; <strong>Keine R\u00fcckschau<\/strong>, aber immerhin <strong>ein paar vernebelte Aussichten auf das kommende Jahr<\/strong> sowie eine <a href=\"https:\/\/www.youtube.com\/watch?v=3JgPFQo_q7g\" target=\"_blank\" rel=\"noopener\"><strong>Neujahrsansprache mit Bernd dem Brot<\/strong><\/a>.\u00a0<em>\u201cWir ham noch lange nicht genug&#8230;\u201d<\/em> t\u00f6nt es zudem seit Urzeiten, <strong>von Geb\u00f6ller umrahmt<\/strong>, aus unseren Signations. Und das stimmt nach wie vor, wenn auch mit <strong>Zunahme der Lebensjahre<\/strong>\u00a0vermehrt <strong>die Erkenntnis<\/strong> der eigenen <strong>Endlichkeit<\/strong> ins Bewusstsein tropft.\u00a0<em>\u201cF\u00fchlst du dich heute wie ein Brot?\u201d<\/em> <strong>Eben.<\/strong> Dem <strong>feuchtfr\u00f6hlichen Anlass<\/strong> entsprechend k\u00f6nnte man hier auch noch ein gemeines Sprichwort bem\u00fchen:<em>\u00a0\u201cSteter Tropfen h\u00f6hlt das Hirn\u201d<\/em>, wie es\u00a0<strong>Uwe Dick<\/strong> einst <a href=\"https:\/\/www.youtube.com\/watch?v=8jZ4_oNfax8\" target=\"_blank\" rel=\"noopener\"><strong>dem \u00d6d<\/strong><\/a> in den Mund <strong>gebogen<\/strong> hat. In diesem Sinne, <strong>passt gut auf euch auf<\/strong>, es ist doch nur eine Nacht wie viele andere &#8211; und es w\u00e4r <strong>jammerschade<\/strong>, wenn ihr allzusehr ausrutscht&#8230;<\/p>\n<p><a href=\"https:\/\/blog.radiofabrik.at\/artarium\/files\/2017\/12\/Auf-in-ein-neues-Jahr.jpg\"><img loading=\"lazy\" decoding=\"async\" class=\"alignleft size-medium wp-image-18607\" src=\"https:\/\/blog.radiofabrik.at\/artarium\/files\/2017\/12\/Auf-in-ein-neues-Jahr-300x225.jpg\" alt=\"Auf in ein neues Jahr\" width=\"300\" height=\"225\" srcset=\"https:\/\/blog.radiofabrik.at\/artarium\/files\/2017\/12\/Auf-in-ein-neues-Jahr-300x225.jpg 300w, https:\/\/blog.radiofabrik.at\/artarium\/files\/2017\/12\/Auf-in-ein-neues-Jahr-768x576.jpg 768w, https:\/\/blog.radiofabrik.at\/artarium\/files\/2017\/12\/Auf-in-ein-neues-Jahr-1024x768.jpg 1024w, https:\/\/blog.radiofabrik.at\/artarium\/files\/2017\/12\/Auf-in-ein-neues-Jahr-400x300.jpg 400w\" sizes=\"auto, (max-width: 300px) 100vw, 300px\" \/><\/a>Der uns <strong>traditionell gel\u00e4ufige Jahreswechsel<\/strong> ist n\u00e4mlich ein h\u00f6chst willk\u00fcrlich gesetztes <strong>Datum inmitten eines \u00dcbergangs<\/strong>\u00a0&#8211; von einem zum n\u00e4chsten <strong>biologischen<\/strong> <strong>Jahrezyklus<\/strong>, eigentlich bedeutsam ist da nur <strong>die Wintersonnenwende<\/strong>. So ist das ganze <strong>Neujahrsfest<\/strong> eine <strong>Zeit zwischen den Zeiten<\/strong>, die sich schon namentlich auf einen gro\u00dfen <strong>Schwindel<\/strong> bezieht, die sogenannte <a href=\"https:\/\/de.wikipedia.org\/wiki\/Konstantinische_Schenkung\" target=\"_blank\" rel=\"noopener\"><strong>\u201c<\/strong><strong>konstantinische Schenkung\u201d<\/strong><\/a>. <strong>Papst Silvester I.<\/strong> (gestorben im Jahr 335), dessen <strong>Todestag am 31. Dezember<\/strong> bis heute <strong>seinen Namen<\/strong> tr\u00e4gt, soll durch sein wundert\u00e4tiges Wirken <strong>Kaiser Konstantin<\/strong> dazu veranlasst haben, der (nachmals katholischen) <strong>Kirche die Oberherrschaft<\/strong> \u00fcber das gesamte westr\u00f6mische Reich zu verleihen sowie s\u00e4mtliche nachfolgenden P\u00e4pste <strong>mit kaiserlich-herrschaftlicher Gewalt<\/strong> auszustatten. Die entsprechende <strong>Urkunde<\/strong> wurde bereits im 15. Jahrhundert als <strong>F\u00e4lschung aus dem 8. Jahrhundert erkannt<\/strong>. Doch\u00a0<strong>Tri Tra Trallala &#8211; <a href=\"https:\/\/www.welt.de\/geschichte\/article112273295\/Silvester-Kronzeuge-einer-gigantischen-Faelschung.html\" target=\"_blank\" rel=\"noopener\">das Kasperltheater spielt noch immer<\/a><\/strong>. Da soll einem <strong>nicht schwindlig<\/strong> werden &#8211; bei all den <strong>schwindligen Schwindlern<\/strong>. Hollareidullij\u00f6h, juhuu, <strong>auf in ein neues Jahr<\/strong> voll <strong>hochheiliger Heimath\u00e4ndler<\/strong> und sonstwie <strong>vertrottelter Volksverbrecher<\/strong>. <a href=\"https:\/\/www.youtube.com\/watch?v=V4uWLIoMLzw\" target=\"_blank\" rel=\"noopener\"><strong>Auch international verdampft das Menschenrecht<\/strong><\/a> (alle singen).<\/p>\n<p>Doch im <strong>etwas anderen Kunnst-Biotop<\/strong> schreiten wir weiter\u00a0<strong>vorw\u00e4rts<\/strong>\u00a0&#8211; zwischen <strong>letzten Fu\u00dfnoten<\/strong> zum vergangenen Jahr und <strong>ersten Ausblicken<\/strong> <strong>auf ein Neues!\u00a0<\/strong><\/p>\n<p><strong>Protest Neujahr und einen guten Lutsch!<\/strong><\/p>\n<p>&nbsp;<\/p>\n","protected":false},"excerpt":{"rendered":"<p>&gt; Sendung: Artarium vom Sonntag 31. Dezember (Silvester)\u00a0&#8211; Keine R\u00fcckschau, aber immerhin ein paar vernebelte Aussichten auf das kommende Jahr sowie eine Neujahrsansprache mit Bernd dem Brot.\u00a0\u201cWir ham noch lange nicht genug&#8230;\u201d t\u00f6nt es zudem seit Urzeiten, von Geb\u00f6ller umrahmt, &hellip; <a href=\"https:\/\/blog.radiofabrik.at\/artarium\/2017\/12\/28\/auf-in-ein-neues-jahr\/\">Weiterlesen <span class=\"meta-nav\">&rarr;<\/span><\/a><\/p>\n","protected":false},"author":5,"featured_media":0,"comment_status":"closed","ping_status":"open","sticky":false,"template":"","format":"standard","meta":{"footnotes":""},"categories":[67,68,1,69,15],"tags":[7590,91,83,84,4008],"class_list":["post-18602","post","type-post","status-publish","format-standard","hentry","category-konzept-entwicklung","category-artarium-news","category-uncategorized","category-neue-projekte","category-sendungen","tag-achtung-satire","tag-die-ursache","tag-inteam","tag-kunnst","tag-textase"],"aioseo_notices":[],"_links":{"self":[{"href":"https:\/\/blog.radiofabrik.at\/artarium\/wp-json\/wp\/v2\/posts\/18602","targetHints":{"allow":["GET"]}}],"collection":[{"href":"https:\/\/blog.radiofabrik.at\/artarium\/wp-json\/wp\/v2\/posts"}],"about":[{"href":"https:\/\/blog.radiofabrik.at\/artarium\/wp-json\/wp\/v2\/types\/post"}],"author":[{"embeddable":true,"href":"https:\/\/blog.radiofabrik.at\/artarium\/wp-json\/wp\/v2\/users\/5"}],"replies":[{"embeddable":true,"href":"https:\/\/blog.radiofabrik.at\/artarium\/wp-json\/wp\/v2\/comments?post=18602"}],"version-history":[{"count":0,"href":"https:\/\/blog.radiofabrik.at\/artarium\/wp-json\/wp\/v2\/posts\/18602\/revisions"}],"wp:attachment":[{"href":"https:\/\/blog.radiofabrik.at\/artarium\/wp-json\/wp\/v2\/media?parent=18602"}],"wp:term":[{"taxonomy":"category","embeddable":true,"href":"https:\/\/blog.radiofabrik.at\/artarium\/wp-json\/wp\/v2\/categories?post=18602"},{"taxonomy":"post_tag","embeddable":true,"href":"https:\/\/blog.radiofabrik.at\/artarium\/wp-json\/wp\/v2\/tags?post=18602"}],"curies":[{"name":"wp","href":"https:\/\/api.w.org\/{rel}","templated":true}]}}