{"id":19301,"date":"2018-08-15T17:44:58","date_gmt":"2018-08-15T16:44:58","guid":{"rendered":"https:\/\/blog.radiofabrik.at\/artarium\/?p=19301"},"modified":"2018-08-19T23:02:52","modified_gmt":"2018-08-19T22:02:52","slug":"abgehalfterte-staatsguenstler","status":"publish","type":"post","link":"https:\/\/blog.radiofabrik.at\/artarium\/2018\/08\/15\/abgehalfterte-staatsguenstler\/","title":{"rendered":"Abgehalfterte Staatsg\u00fcnstler"},"content":{"rendered":"<p><strong>&gt; Sendung: <a href=\"https:\/\/cba.fro.at\/381799\" target=\"_blank\" rel=\"noopener\">Artarium vom Sonntag, 19. August<\/a><\/strong> &#8211; <strong>Willkommen in der Fakepublik \u00d6sternews<\/strong>, wo die braunen Haufen <strong>alles Menschliche niedertrumpeln<\/strong> und dabei <strong>so \u00fcbel riechen<\/strong> wie eh und weh. <a href=\"https:\/\/www.wolfgangambros.at\/\" target=\"_blank\" rel=\"noopener\"><strong>Wolfgang Ambros<\/strong><\/a> zum Beispiel sei ein <strong>\u201cabgehalfterter Musiker\u201d<\/strong> und <strong>\u201cSystemg\u00fcnstling\u201d<\/strong>, dem nun in dieser neuen Zeit der <strong>schwatzblaunen Volksbegl\u00fcckung<\/strong> die f\u00fcr ihn <strong>einst so lukrativen Staatsauftr\u00e4ge<\/strong> davonschwimmerten. Derlei behauptet <a href=\"https:\/\/derstandard.at\/2000085006782\/Musiker-Ambros-erhielt-nach-Kritik-an-FPOe-nun-Morddrohungen\" target=\"_blank\" rel=\"noopener\"><strong>ein gewisser Herr Hafenecker von der FP\u00d6<\/strong><\/a> (der bislang weitgehend unbekannt war), aber inzwischen zusammen mit dem <a href=\"https:\/\/diepresse.com\/home\/meinung\/morgenglosse\/5466513\/Harald-Vilimsky-nehmen-Sie-das-nicht-persoenlich\" target=\"_blank\" rel=\"noopener\"><strong>renommierten Ischias-Experten Harald Vilimsky<\/strong><\/a> <strong>deren Generalsekret\u00e4r<\/strong> gibt. Und einmal abgesehen davon, dass <strong>der Wolferl<\/strong> nie irgendwelche <strong>\u00f6ffentlichen Auftr\u00e4ge oder Subventionen<\/strong> erhalten hat, wie <a href=\"https:\/\/wien.orf.at\/news\/stories\/2929063\/\" target=\"_blank\" rel=\"noopener\"><strong>sein Manager berichtigt<\/strong><\/a>, wer ist hier der von unserem Geld bezahlte <strong>Staatsg\u00fcnstler?<\/strong><\/p>\n<p><a href=\"https:\/\/blog.radiofabrik.at\/artarium\/files\/2018\/08\/Staatsg\u00fcnstler.jpg\"><img loading=\"lazy\" decoding=\"async\" class=\"alignleft size-medium wp-image-19303\" src=\"https:\/\/blog.radiofabrik.at\/artarium\/files\/2018\/08\/Staatsg\u00fcnstler-218x300.jpg\" alt=\"Staatsg\u00fcnstler\" width=\"218\" height=\"300\" srcset=\"https:\/\/blog.radiofabrik.at\/artarium\/files\/2018\/08\/Staatsg\u00fcnstler-218x300.jpg 218w, https:\/\/blog.radiofabrik.at\/artarium\/files\/2018\/08\/Staatsg\u00fcnstler-768x1055.jpg 768w, https:\/\/blog.radiofabrik.at\/artarium\/files\/2018\/08\/Staatsg\u00fcnstler-746x1024.jpg 746w, https:\/\/blog.radiofabrik.at\/artarium\/files\/2018\/08\/Staatsg\u00fcnstler.jpg 1032w\" sizes=\"auto, (max-width: 218px) 100vw, 218px\" \/><\/a><strong>\u201cStaatsk\u00fcnstler\u201d<\/strong> hingegen ist <strong>ein Hetzwort<\/strong>, mit dem <strong>die rechten R\u00e4nder<\/strong> schon immer jedwede <strong>unbequeme Gesellschaftskritik in der Kunst<\/strong> verunglimpft haben. Es bedeutet, \u00e4hnlich den <strong>neurechten<\/strong> Kampfbegriffen <strong>\u201cSystemmedien\u201d<\/strong> oder <strong>\u201cL\u00fcgenpresse\u201d<\/strong>, jede gegen sie gerichtete <strong>kritische \u00c4u\u00dferung<\/strong> auszumerzen. <strong>Wobei<\/strong>, so ganz neu ist <strong>diese Begrifflichkeit<\/strong> auch wieder nicht, denken wir nur an die <a href=\"https:\/\/de.wikipedia.org\/wiki\/Entartete_Kunst\" target=\"_blank\" rel=\"noopener\"><strong>\u201cEntartete Kunst\u201d<\/strong><\/a>. <strong>Entwertende Worte<\/strong> wie <strong>\u201cStaatsk\u00fcnstler\u201d<\/strong> und <strong>\u201cSystemg\u00fcnstlinge\u201d<\/strong> vermitteln zugleich auch die Vorstellung, dass <strong>bestimmte Kunstformen ohne Unterst\u00fctzung der Allgemeinheit nicht lebensf\u00e4hig<\/strong> sind. Zu <strong>\u201clebensunwert\u201d<\/strong> ist es da nur noch ein <strong>ganz kleiner (Gedanken-)Schritt<\/strong>. \u201cWenn wir sie schon <strong>nicht umbringen<\/strong> d\u00fcrfen, dann k\u00f6nnen wir sie ja <strong>verhungern<\/strong> und somit <strong>aussterben<\/strong> lassen.\u201d Das l\u00e4sst sich wundersch\u00f6n <strong>neoliberal verbr\u00e4men<\/strong> und als <strong>zutiefst wirtschaftsfreundlich<\/strong> verkaufen. Ich erinnere mich an <strong>ein recht bierseliges Gespr\u00e4ch mit J\u00f6rg Haider<\/strong>, in dem er uns <strong>schon 1994<\/strong> sein Konzept f\u00fcr eine <strong>\u201cneue\u201d FP\u00d6-Kunstf\u00f6rderung<\/strong> erkl\u00e4rte: <strong>Jede\/r Kunstschaffende<\/strong> hat einen <strong>Rechtsanspruch auf Anschubfinanzierung seines\/ihres ersten Projekts<\/strong> (unter Umst\u00e4nden noch des zweiten oder dritten) &#8211; wenn es sich danach <em>\u201cnicht <strong>auf dem Markt<\/strong> durchsetze, sei die Sache f\u00fcr die \u00f6ffentliche Hand <strong>erledigt<\/strong>.\u201d<\/em> Siehe oben, <strong>aussterben<\/strong>. Oder sich sonstwie <strong>in den Arbeitsmarkt eingliedern<\/strong>. Das h\u00e4tte <strong>dem Herrn Haider<\/strong> gut getan. Und wohl auch <strong>dem Land K\u00e4rnten<\/strong>. Aber <strong>ein B\u00e4rental als Anschubfinanzierung<\/strong> ist halt doch&#8230;<\/p>\n<p>An dieser Stelle \u00fcberlasse ich <strong>meine geneigten Leser*innen<\/strong> ihrer eigenen Phantasie. Doch jetzt wieder <strong>zur\u00fcck zum Ausgangspunkt<\/strong> der Geschichte: <strong>Der Ambros Wolferl<\/strong> hat n\u00e4mlich unl\u00e4ngst <a href=\"https:\/\/www.sueddeutsche.de\/politik\/wolfgang-ambros-zu-strache-kurz-und-braune-haufen-in-fpoe-sz-interview-1.4082875\" target=\"_blank\" rel=\"noopener\"><strong>im Interview mit der S\u00fcddeutschen Zeitung<\/strong><\/a> folgendes gesagt: <em>\u201cIch bin mir sicher, dass es <strong>viele braune Haufen<\/strong> in der FP\u00d6 gibt.\u201d<\/em> Und <strong>seither rotiert<\/strong> <strong>ein von unserem Geld bezahlter FP\u00d6-Auftragsr\u00fcpel wie zu erwarten vor sich hin<\/strong>. Ein <strong>niedersprachlich desorganisierter Staatsg\u00fcnstler<\/strong>, der sich an <strong>einem Fixstern der \u00f6sterreichischen Identit\u00e4t<\/strong> vergreift. Wie <strong>das<\/strong> ausgehen wird, <a href=\"https:\/\/www.sn.at\/kultur\/musik\/wolfgang-ambros-schifoan-auf-platz-eins-hetze-oder-hitze-als-grund-38614972\" target=\"_blank\" rel=\"noopener\"><strong>d\u00fcrfte ja klar sein.<\/strong><\/a><\/p>\n<p>Das abgebildete <strong>Buch mit dem hierzu passenden Titel<\/strong> ist bei <a href=\"http:\/\/www.kremayr-scheriau.at\/bucher-e-books\/titel\/der-richtige-umgang-mit-einem-oesterreicher\/\" target=\"_blank\" rel=\"noopener\"><strong>Kremayr &amp; Scheriau<\/strong><\/a> zu beziehen, von wo wir<strong> auch die Cover-Illustration<\/strong> her haben. <strong>Ganz liebe Gr\u00fc\u00dfe!<\/strong><\/p>\n<p>&nbsp;<\/p>\n","protected":false},"excerpt":{"rendered":"<p>&gt; Sendung: Artarium vom Sonntag, 19. August &#8211; Willkommen in der Fakepublik \u00d6sternews, wo die braunen Haufen alles Menschliche niedertrumpeln und dabei so \u00fcbel riechen wie eh und weh. Wolfgang Ambros zum Beispiel sei ein \u201cabgehalfterter Musiker\u201d und \u201cSystemg\u00fcnstling\u201d, dem &hellip; <a href=\"https:\/\/blog.radiofabrik.at\/artarium\/2018\/08\/15\/abgehalfterte-staatsguenstler\/\">Weiterlesen <span class=\"meta-nav\">&rarr;<\/span><\/a><\/p>\n","protected":false},"author":5,"featured_media":0,"comment_status":"closed","ping_status":"open","sticky":false,"template":"","format":"standard","meta":{"footnotes":""},"categories":[67,68,69,15],"tags":[7590,91,84,89,7591],"class_list":["post-19301","post","type-post","status-publish","format-standard","hentry","category-konzept-entwicklung","category-artarium-news","category-neue-projekte","category-sendungen","tag-achtung-satire","tag-die-ursache","tag-kunnst","tag-portrait","tag-zeit-geschichte"],"aioseo_notices":[],"_links":{"self":[{"href":"https:\/\/blog.radiofabrik.at\/artarium\/wp-json\/wp\/v2\/posts\/19301","targetHints":{"allow":["GET"]}}],"collection":[{"href":"https:\/\/blog.radiofabrik.at\/artarium\/wp-json\/wp\/v2\/posts"}],"about":[{"href":"https:\/\/blog.radiofabrik.at\/artarium\/wp-json\/wp\/v2\/types\/post"}],"author":[{"embeddable":true,"href":"https:\/\/blog.radiofabrik.at\/artarium\/wp-json\/wp\/v2\/users\/5"}],"replies":[{"embeddable":true,"href":"https:\/\/blog.radiofabrik.at\/artarium\/wp-json\/wp\/v2\/comments?post=19301"}],"version-history":[{"count":0,"href":"https:\/\/blog.radiofabrik.at\/artarium\/wp-json\/wp\/v2\/posts\/19301\/revisions"}],"wp:attachment":[{"href":"https:\/\/blog.radiofabrik.at\/artarium\/wp-json\/wp\/v2\/media?parent=19301"}],"wp:term":[{"taxonomy":"category","embeddable":true,"href":"https:\/\/blog.radiofabrik.at\/artarium\/wp-json\/wp\/v2\/categories?post=19301"},{"taxonomy":"post_tag","embeddable":true,"href":"https:\/\/blog.radiofabrik.at\/artarium\/wp-json\/wp\/v2\/tags?post=19301"}],"curies":[{"name":"wp","href":"https:\/\/api.w.org\/{rel}","templated":true}]}}