{"id":20001,"date":"2019-04-25T15:39:24","date_gmt":"2019-04-25T14:39:24","guid":{"rendered":"https:\/\/blog.radiofabrik.at\/artarium\/?p=20001"},"modified":"2019-04-28T18:26:16","modified_gmt":"2019-04-28T17:26:16","slug":"fette-ratten","status":"publish","type":"post","link":"https:\/\/blog.radiofabrik.at\/artarium\/2019\/04\/25\/fette-ratten\/","title":{"rendered":"Fette Ratten"},"content":{"rendered":"<p><strong>&gt; Sendung: <a href=\"https:\/\/cba.fro.at\/404326\" target=\"_blank\" rel=\"noopener noreferrer\">Artarium vom Sonntag, 28. April<\/a><\/strong> &#8211; <strong>Phantastische Tierwesen<\/strong> und wie man sie nicht schlechtreden sollte. <strong>Schlechte Gedichte<\/strong> sind sowieso eine Landplage. <strong>Schlechte Menschen<\/strong> aber erst recht. Als <strong>pensionierter Punkdirektor<\/strong> f\u00fchle ich mich durchaus dazu berufen, <strong>ein Pl\u00e4doyer f\u00fcr die Freundschaft mit Ratten<\/strong> anzustimmen. Und zusammen mit dem <strong>Hasenobmann<\/strong> einige dieser <strong>Tiermetaphern<\/strong> zu hinterfragen. Oder <strong>wer hat Angst<\/strong> vorm b\u00f6sen Wolf? <strong>Eben<\/strong>. Wenn man dazu noch <strong>in Betracht<\/strong> zieht, wie <a href=\"https:\/\/www.youtube.com\/watch?v=WL600uLFsKQ\" target=\"_blank\" rel=\"noopener noreferrer\"><strong>\u201cunsere\u201d Volksm\u00e4rchen<\/strong><\/a> zustande gekommen sind, dann ist man <strong>ratzfatz immun<\/strong> gegen den <strong>bl\u00f6db\u00f6sen Missbrauch<\/strong> von <strong>Ratten und Rotk\u00e4ppchen<\/strong>. Der braune P\u00f6bel soll endlich <strong>den Volksmund halten<\/strong>, denn er stinkt aus demselben wie der ber\u00fcchtigte <strong>tausendj\u00e4hrige Eierschas<\/strong> von der <a href=\"https:\/\/www.vice.com\/de_at\/article\/nn5z9d\/arbeiten-im-callcenter-v7-n6\" target=\"_blank\" rel=\"noopener noreferrer\"><strong>Stefanie Sargnagel<\/strong><\/a>. Da riechts <strong>nach Untergang!<\/strong><\/p>\n<p><a href=\"https:\/\/blog.radiofabrik.at\/artarium\/files\/2019\/04\/Ratten-in-Love.jpg\"><img loading=\"lazy\" decoding=\"async\" class=\"alignleft size-medium wp-image-20003\" src=\"https:\/\/blog.radiofabrik.at\/artarium\/files\/2019\/04\/Ratten-in-Love-300x214.jpg\" alt=\"Ratten in Love\" width=\"300\" height=\"214\" srcset=\"https:\/\/blog.radiofabrik.at\/artarium\/files\/2019\/04\/Ratten-in-Love-300x214.jpg 300w, https:\/\/blog.radiofabrik.at\/artarium\/files\/2019\/04\/Ratten-in-Love-768x549.jpg 768w, https:\/\/blog.radiofabrik.at\/artarium\/files\/2019\/04\/Ratten-in-Love-420x300.jpg 420w, https:\/\/blog.radiofabrik.at\/artarium\/files\/2019\/04\/Ratten-in-Love.jpg 950w\" sizes=\"auto, (max-width: 300px) 100vw, 300px\" \/><\/a><strong>Wir nehmen also<\/strong> ein in jeglicher Hinsicht <a href=\"https:\/\/derstandard.at\/2000101884850\/Braunauer-FPOe-Vizebuergermeister-tritt-zurueck\" target=\"_blank\" rel=\"noopener noreferrer\"><strong>sauschlechtes Gedicht<\/strong><\/a> (Warnhinweis: von der Lekt\u00fcre des <strong>missg\u00fcnstigen Machwerks<\/strong> kann einem tats\u00e4chlich schlecht werden) <strong>zum Anlass<\/strong> f\u00fcr eine etwas andere Betrachtung unseres <strong>Umgangs mit Ratten<\/strong> &#8211; und <strong>zum Ausgangspunkt<\/strong> einer W\u00fcrdigung des allersch\u00f6nsten <strong>Rattensprachbilds<\/strong> in der Lyrik des <strong>20. Jahrhunderts:<\/strong> bei <strong>Georg Trakl<\/strong>. <a href=\"https:\/\/blog.radiofabrik.at\/artarium\/2014\/11\/07\/kehricht-pfeift-verliebt-ein-rattenchor\/\" target=\"_blank\" rel=\"noopener noreferrer\"><strong>\u201cAm Kehricht pfeift verliebt ein Rattenchor\u201d<\/strong><\/a> hie\u00df auch die entsprechende Sendung anl\u00e4sslich <strong>seines 100. Todestags im Jahr 2014<\/strong>. Damit weisen wir auf zwei nicht ganz kleine Unterschiede hin: <strong>den Inhaltlichen<\/strong> (ob man das andere Lebewesen als solches ernstnimmt oder es <strong>blo\u00df als Symbol<\/strong> f\u00fcr Propagandazwecke missbraucht) sowie <strong>den Formalen<\/strong> (ob man der deutschen Sprache soweit m\u00e4chtig ist, dass man mit ihr richtig dichten kann, oder ob man sie <strong>blo\u00df als Symbol f\u00fcr Heimatd\u00fcmmelei<\/strong> benutzt). Nicht, dass wir hier <strong>den erigierten Zeigefinger vom Dr. Gscheitschei\u00dfer<\/strong> auspacken wollen, aber <strong>wir sind schon auch selbst Lyriker<\/strong> &#8211; und <a href=\"https:\/\/www.facebook.com\/groups\/187921491279848\/\" target=\"_blank\" rel=\"noopener noreferrer\"><strong>Niveau ist einfach keine Hautcreme<\/strong><\/a>. In einem Land zu leben, in dem <strong>Asylantenflut<\/strong>, <strong>Rattenplage<\/strong>, <strong>Sozialschmarotzer<\/strong> und <strong>Ungeziefer<\/strong> zum <strong>\u00fcblichen Sprachrepertoire<\/strong> geh\u00f6ren, ist mehr als nur <strong>bedrohlich<\/strong>&#8230;<\/p>\n<p>Wie ich immer sage: <strong>Thomas Bernhard hat sich noch sehr zur\u00fcckgehalten<\/strong>.<\/p>\n<p>&nbsp;<\/p>\n","protected":false},"excerpt":{"rendered":"<p>&gt; Sendung: Artarium vom Sonntag, 28. April &#8211; Phantastische Tierwesen und wie man sie nicht schlechtreden sollte. Schlechte Gedichte sind sowieso eine Landplage. Schlechte Menschen aber erst recht. Als pensionierter Punkdirektor f\u00fchle ich mich durchaus dazu berufen, ein Pl\u00e4doyer f\u00fcr &hellip; <a href=\"https:\/\/blog.radiofabrik.at\/artarium\/2019\/04\/25\/fette-ratten\/\">Weiterlesen <span class=\"meta-nav\">&rarr;<\/span><\/a><\/p>\n","protected":false},"author":5,"featured_media":0,"comment_status":"closed","ping_status":"open","sticky":false,"template":"","format":"standard","meta":{"footnotes":""},"categories":[68,1,69,15],"tags":[91,83,84,81,4008,7591],"class_list":["post-20001","post","type-post","status-publish","format-standard","hentry","category-artarium-news","category-uncategorized","category-neue-projekte","category-sendungen","tag-die-ursache","tag-inteam","tag-kunnst","tag-review","tag-textase","tag-zeit-geschichte"],"aioseo_notices":[],"_links":{"self":[{"href":"https:\/\/blog.radiofabrik.at\/artarium\/wp-json\/wp\/v2\/posts\/20001","targetHints":{"allow":["GET"]}}],"collection":[{"href":"https:\/\/blog.radiofabrik.at\/artarium\/wp-json\/wp\/v2\/posts"}],"about":[{"href":"https:\/\/blog.radiofabrik.at\/artarium\/wp-json\/wp\/v2\/types\/post"}],"author":[{"embeddable":true,"href":"https:\/\/blog.radiofabrik.at\/artarium\/wp-json\/wp\/v2\/users\/5"}],"replies":[{"embeddable":true,"href":"https:\/\/blog.radiofabrik.at\/artarium\/wp-json\/wp\/v2\/comments?post=20001"}],"version-history":[{"count":0,"href":"https:\/\/blog.radiofabrik.at\/artarium\/wp-json\/wp\/v2\/posts\/20001\/revisions"}],"wp:attachment":[{"href":"https:\/\/blog.radiofabrik.at\/artarium\/wp-json\/wp\/v2\/media?parent=20001"}],"wp:term":[{"taxonomy":"category","embeddable":true,"href":"https:\/\/blog.radiofabrik.at\/artarium\/wp-json\/wp\/v2\/categories?post=20001"},{"taxonomy":"post_tag","embeddable":true,"href":"https:\/\/blog.radiofabrik.at\/artarium\/wp-json\/wp\/v2\/tags?post=20001"}],"curies":[{"name":"wp","href":"https:\/\/api.w.org\/{rel}","templated":true}]}}