{"id":20818,"date":"2020-03-26T17:12:40","date_gmt":"2020-03-26T16:12:40","guid":{"rendered":"https:\/\/blog.radiofabrik.at\/artarium\/?p=20818"},"modified":"2020-03-29T16:58:05","modified_gmt":"2020-03-29T15:58:05","slug":"die-buechse-der-corona","status":"publish","type":"post","link":"https:\/\/blog.radiofabrik.at\/artarium\/2020\/03\/26\/die-buechse-der-corona\/","title":{"rendered":"Die B\u00fcchse der Corona"},"content":{"rendered":"<p><strong>&gt; Sendung: <a href=\"https:\/\/cba.fro.at\/447829\" target=\"_blank\" rel=\"noopener noreferrer\">Artarium vom Sonntag, 29. M\u00e4rz<\/a> &#8211; <a href=\"https:\/\/www.spiegel.de\/kultur\/literatur\/albert-uderzo-ist-tot-das-sind-unsere-liebsten-asterix-momente-a-d84dbe80-e3ce-4606-8940-caff98612391\" target=\"_blank\" rel=\"noopener noreferrer\">Albert Uderzo ist tot<\/a><\/strong>. Das betr\u00fcbt viele von uns, <strong>aber immerhin<\/strong> wurde er <strong>\u00fcber 90 Jahre alt<\/strong>. Sein kongenialer Partner <strong>Ren\u00e9 Goscinny<\/strong> dagegen verabschiedete sich <strong>schon mit 51<\/strong> von der Welt, allerdings mit einer schwer \u00fcberbietbaren <a href=\"https:\/\/www.comedix.de\/medien\/lit\/die_letzten_tage_von_rene_goscinny.php\" target=\"_blank\" rel=\"noopener noreferrer\"><strong>Schlusspointe:<\/strong><\/a> Er erlitt mitten in der <strong>Untersuchung bei seinem Kardiologen einen Herzinfarkt<\/strong>, als der ihn auf einen <strong>Ergometer<\/strong> setzte. <strong>Wir<\/strong> bedanken uns bei beiden f\u00fcr die Erfindung des <a href=\"https:\/\/www.asterix.com\/de\/herzlich-willkommen-im-virtuellen-dorf\/\" target=\"_blank\" rel=\"noopener noreferrer\"><strong>\u201cglobalen gallischen Dorfs\u201d<\/strong><\/a> und wollen auch f\u00fcrderhin <strong>so unbeugsam<\/strong> sein <strong>wie dessen Bewohner<\/strong>, zumal wir bedingt durch die <strong>akute Corona-Pandemie<\/strong> nach wie vor <strong>von zuhause produzieren<\/strong>. In dem Zusammenhang ist bemerkenswert, dass der B\u00f6sewicht im <strong>Asterix-Band Nr. XXXVII<\/strong> (Asterix in Italien) <a href=\"https:\/\/www.mimikama.at\/allgemein\/coronavirus-kam-bereits-in-dem-asterix-band-von-2017-vor-faktencheck\/\" target=\"_blank\" rel=\"noopener noreferrer\"><strong>Coronavirus<\/strong><\/a> hei\u00dft &#8211; nur halt nicht in der <strong>deutschen \u00dcbersetzung<\/strong>.<\/p>\n<p><a href=\"https:\/\/blog.radiofabrik.at\/artarium\/files\/2020\/03\/Hundertwasser-und-die-Silhouette-der-Corona.png\"><img loading=\"lazy\" decoding=\"async\" class=\"alignleft size-medium wp-image-20821\" src=\"https:\/\/blog.radiofabrik.at\/artarium\/files\/2020\/03\/Hundertwasser-und-die-Silhouette-der-Corona-300x298.png\" alt=\"Hundertwasser und die Silhouette der Corona\" width=\"300\" height=\"298\" srcset=\"https:\/\/blog.radiofabrik.at\/artarium\/files\/2020\/03\/Hundertwasser-und-die-Silhouette-der-Corona-300x298.png 300w, https:\/\/blog.radiofabrik.at\/artarium\/files\/2020\/03\/Hundertwasser-und-die-Silhouette-der-Corona-1024x1018.png 1024w, https:\/\/blog.radiofabrik.at\/artarium\/files\/2020\/03\/Hundertwasser-und-die-Silhouette-der-Corona-150x150.png 150w, https:\/\/blog.radiofabrik.at\/artarium\/files\/2020\/03\/Hundertwasser-und-die-Silhouette-der-Corona-768x763.png 768w, https:\/\/blog.radiofabrik.at\/artarium\/files\/2020\/03\/Hundertwasser-und-die-Silhouette-der-Corona-1536x1526.png 1536w, https:\/\/blog.radiofabrik.at\/artarium\/files\/2020\/03\/Hundertwasser-und-die-Silhouette-der-Corona-302x300.png 302w, https:\/\/blog.radiofabrik.at\/artarium\/files\/2020\/03\/Hundertwasser-und-die-Silhouette-der-Corona.png 2048w\" sizes=\"auto, (max-width: 300px) 100vw, 300px\" \/><\/a><a href=\"https:\/\/www.kleinezeitung.at\/kultur\/buecher\/5776167\/ComicHelden-als-Propheten_Asterix-sagte-Coronavirus-voraus\" target=\"_blank\" rel=\"noopener noreferrer\"><strong>Die Begr\u00fcndung<\/strong><\/a> des f\u00fcr dieselbe <strong>zust\u00e4ndigen Klaus J\u00f6ken<\/strong> klingt nach <strong>doppelt eingesprungenem Insiderschm\u00e4h<\/strong> und beweist, dass f\u00fcr manche auch <strong>die verzwirbelte Wendeltreppe<\/strong> den <strong>Denkweg zur Assoziation<\/strong> darstellt. <strong>Caligarus?<\/strong> <strong>Geh bitte!<\/strong> Und was tut sich in der Welt der <strong>realen Zaubertr\u00e4nke<\/strong> und <a href=\"https:\/\/www.wienerzeitung.at\/meinung\/glossen\/2053892-Corona-ist-mehr-als-ein-Virus.html\" target=\"_blank\" rel=\"noopener noreferrer\"><strong>Fake Facts?<\/strong><\/a> Glauben Amerikaner tats\u00e4chlich, dass <a href=\"https:\/\/www.sozialministerium.at\/Informationen-zum-Coronavirus\/Neuartiges-Coronavirus-(2019-nCov).html\" target=\"_blank\" rel=\"noopener noreferrer\"><strong>COVID-19<\/strong><\/a>, auch kurz <strong>\u201c<\/strong><strong>Corona\u201d<\/strong>, durch den Genuss <strong>einer mexikanischen Biersorte (!)<\/strong> \u00fcbertragen wird? Wo ist der <strong>Harry Lesch<\/strong>, wenn man ihn mal dringend braucht? Ach ja, <a href=\"https:\/\/www.youtube.com\/watch?v=X9RKReLDjbM\" target=\"_blank\" rel=\"noopener noreferrer\"><strong>hier erkl\u00e4rt unser Held der Zahlen und Fakten<\/strong><\/a> einmal verst\u00e4ndlich, wie man <strong>diverse Corona-Statistiken (Sterberate etc.)<\/strong> interpretieren kann. Oder <a href=\"https:\/\/www.youtube.com\/watch?v=2jEJNUu73ms\" target=\"_blank\" rel=\"noopener noreferrer\"><strong>hier eine Gesamtdarstellung aktueller Forschungsergebnisse zum Thema<\/strong><\/a> (wenn auch etwas rei\u00dferisch und massenkompatibel aufbereitet). <strong>Auf jeden Fall<\/strong> bleiben wir dabei: <strong>In Zeiten wie diesen<\/strong>, wo <strong>Verschw\u00f6rungsesoteriker und ihre Gl\u00e4ublinge<\/strong> alle Welt medial <strong>mit ihren Schwindligkeiten infizieren<\/strong>, ist <strong>der Herr Professor<\/strong> ein Fels in der Brandung des Aufgeregten. Genau wie <a href=\"https:\/\/de.wikipedia.org\/wiki\/Peter_Filzmaier\" target=\"_blank\" rel=\"noopener noreferrer\"><strong>Peter Filzmeier<\/strong><\/a> im Hysterium der heimischen <strong>Innenpolitik<\/strong>. Was uns nunmehr zur <strong>Situation in \u00d6sterreich<\/strong> und <strong>in uns selbst<\/strong> f\u00fchrt.<\/p>\n<p>In dieser Sendung betrachten wir erstens die <strong>Vergewaltigung von Kunst und Kultur<\/strong> <strong>zum Zweck des Geldmelkens<\/strong> am Beispiel des <strong>Apr\u00e8s-Ski in Ischgl<\/strong>. Dazu der <strong><a href=\"https:\/\/www.youtube.com\/watch?v=gXZTBTlsFHI\" target=\"_blank\" rel=\"noopener noreferrer\">\u201cHerr Gesundheitslandesrat von Tirol\u201d<\/a> im ZiB 2 Interview<\/strong>. Zweitens widmen wir uns der <strong>Innensicht auf die unsichtbare Bedrohung<\/strong>, zumal wir ja derzeit alle in emotionalen Turbulenzen hausen. Und drittens <strong>zitieren wir<\/strong> (im Kontext individueller Schicksale vor globalen Ursachen) Konstantin Weckers <a href=\"https:\/\/www.youtube.com\/watch?v=5Oru2jubdp8\" target=\"_blank\" rel=\"noopener noreferrer\"><strong>\u201cSt\u00fcrmische Zeiten, mein Schatz\u201d<\/strong><\/a>, dessen Refrainzeile <em><strong>\u201cLeben ist Br\u00fccken schlagen &#8211; \u00fcber Str\u00f6me, die vergehen\u201d<\/strong><\/em> aus dem Gedicht <a href=\"https:\/\/www.anbruch-magazin.de\/gottfried-benn-vii-schleierkraut\/\" target=\"_blank\" rel=\"noopener noreferrer\"><strong>\u201cSchleierkraut\u201d<\/strong><\/a> von <strong>Gottfried Benn<\/strong> die Hoffnung des Menschseins anr\u00fchrt.<\/p>\n<p>War da zuletzt nicht auch <strong>Hoffnung &#8211; in der B\u00fcchse der Pandora?<\/strong><\/p>\n<p><strong>Gesundheit!<\/strong><\/p>\n<p>&nbsp;<\/p>\n","protected":false},"excerpt":{"rendered":"<p>&gt; Sendung: Artarium vom Sonntag, 29. M\u00e4rz &#8211; Albert Uderzo ist tot. Das betr\u00fcbt viele von uns, aber immerhin wurde er \u00fcber 90 Jahre alt. Sein kongenialer Partner Ren\u00e9 Goscinny dagegen verabschiedete sich schon mit 51 von der Welt, allerdings &hellip; <a href=\"https:\/\/blog.radiofabrik.at\/artarium\/2020\/03\/26\/die-buechse-der-corona\/\">Weiterlesen <span class=\"meta-nav\">&rarr;<\/span><\/a><\/p>\n","protected":false},"author":5,"featured_media":0,"comment_status":"closed","ping_status":"open","sticky":false,"template":"","format":"standard","meta":{"footnotes":""},"categories":[67,68,1,69,15],"tags":[7590,91,83,84,16284,4008],"class_list":["post-20818","post","type-post","status-publish","format-standard","hentry","category-konzept-entwicklung","category-artarium-news","category-uncategorized","category-neue-projekte","category-sendungen","tag-achtung-satire","tag-die-ursache","tag-inteam","tag-kunnst","tag-musik","tag-textase"],"aioseo_notices":[],"_links":{"self":[{"href":"https:\/\/blog.radiofabrik.at\/artarium\/wp-json\/wp\/v2\/posts\/20818","targetHints":{"allow":["GET"]}}],"collection":[{"href":"https:\/\/blog.radiofabrik.at\/artarium\/wp-json\/wp\/v2\/posts"}],"about":[{"href":"https:\/\/blog.radiofabrik.at\/artarium\/wp-json\/wp\/v2\/types\/post"}],"author":[{"embeddable":true,"href":"https:\/\/blog.radiofabrik.at\/artarium\/wp-json\/wp\/v2\/users\/5"}],"replies":[{"embeddable":true,"href":"https:\/\/blog.radiofabrik.at\/artarium\/wp-json\/wp\/v2\/comments?post=20818"}],"version-history":[{"count":1,"href":"https:\/\/blog.radiofabrik.at\/artarium\/wp-json\/wp\/v2\/posts\/20818\/revisions"}],"predecessor-version":[{"id":26203,"href":"https:\/\/blog.radiofabrik.at\/artarium\/wp-json\/wp\/v2\/posts\/20818\/revisions\/26203"}],"wp:attachment":[{"href":"https:\/\/blog.radiofabrik.at\/artarium\/wp-json\/wp\/v2\/media?parent=20818"}],"wp:term":[{"taxonomy":"category","embeddable":true,"href":"https:\/\/blog.radiofabrik.at\/artarium\/wp-json\/wp\/v2\/categories?post=20818"},{"taxonomy":"post_tag","embeddable":true,"href":"https:\/\/blog.radiofabrik.at\/artarium\/wp-json\/wp\/v2\/tags?post=20818"}],"curies":[{"name":"wp","href":"https:\/\/api.w.org\/{rel}","templated":true}]}}