{"id":21124,"date":"2020-08-20T17:00:17","date_gmt":"2020-08-20T16:00:17","guid":{"rendered":"https:\/\/blog.radiofabrik.at\/artarium\/?p=21124"},"modified":"2020-08-23T20:50:11","modified_gmt":"2020-08-23T19:50:11","slug":"salzburger-domkapital","status":"publish","type":"post","link":"https:\/\/blog.radiofabrik.at\/artarium\/2020\/08\/20\/salzburger-domkapital\/","title":{"rendered":"Salzburger Domkapital"},"content":{"rendered":"<p><strong>&gt; Sendung: <a href=\"https:\/\/cba.fro.at\/463169\" target=\"_blank\" rel=\"noopener noreferrer\">Artarium vom Sonntag, 23. August<\/a> &#8211; Vom Memento mori zur Kapitalismuskritik<\/strong>. <strong>Barock&#8217;N&#8217;Roll<\/strong> in einer <strong>Stadt<\/strong>, die oft <strong>nur als B\u00fchnenbild<\/strong> f\u00fcrs <strong>Gesch\u00e4ftemachen<\/strong> gesehen wird. F\u00fcr viele sind daher <strong>die Bretter vor ihrem Kopf<\/strong> die, <strong>die die Welt bedeuten<\/strong>. Aber das ist nicht <strong>die unsere<\/strong>. <strong>Inwieweit<\/strong> sind <a href=\"https:\/\/www.wienerzeitung.at\/nachrichten\/kultur\/buehne\/2069710-100-Jahre-Salzburger-Festspiele-Das-grosse-Wahnsinnstheater.html\" target=\"_blank\" rel=\"noopener noreferrer\"><strong>die derzeitigen Salzburger<\/strong><\/a> unser aller <a href=\"https:\/\/www.wienerzeitung.at\/nachrichten\/kultur\/buehne\/2069710-100-Jahre-Salzburger-Festspiele-Das-grosse-Wahnsinnstheater.html\" target=\"_blank\" rel=\"noopener noreferrer\"><strong>Festspiele? <\/strong><\/a>Damit auch wirklich <strong>alle<\/strong>, die etwa den <strong>Jedermann<\/strong> <strong>kritisieren<\/strong>, <strong>verstehen<\/strong>, worum es dabei geht, haben wir die <a href=\"https:\/\/www.youtube.com\/watch?v=pM5L5Yl25hE\" target=\"_blank\" rel=\"noopener noreferrer\"><strong>10-Minuten-Fassung<\/strong><\/a> von <a href=\"http:\/\/mwsommer.de\/language\/de\/\" target=\"_blank\" rel=\"noopener noreferrer\"><strong>Michael Sommer<\/strong><\/a> aus seiner genialen Reihe <a href=\"https:\/\/www.youtube.com\/user\/mwstubes\" target=\"_blank\" rel=\"noopener noreferrer\"><strong>\u201cWeltliteratur to go\u201d<\/strong><\/a> vorbereitet. (In der <strong>CBA-Version<\/strong> unserer Sendung sind an der Stelle <strong>Philipp Hochmair<\/strong>, <strong>Die Elektrohand Gottes<\/strong> sowie <strong>Kurt Razelli<\/strong> zu h\u00f6ren). Beim <strong>\u201cSterben des reichen Mannes\u201d<\/strong> geht es <strong>um Macht und Geld<\/strong>. Wobei &#8211; f\u00fcr uns alle geht es letztendlich um <strong>Leben und Tod<\/strong>&#8230;<\/p>\n<p><a href=\"https:\/\/blog.radiofabrik.at\/artarium\/files\/2020\/08\/Salzburger-Domkapital.jpg\"><img loading=\"lazy\" decoding=\"async\" class=\"alignleft size-medium wp-image-21127\" src=\"https:\/\/blog.radiofabrik.at\/artarium\/files\/2020\/08\/Salzburger-Domkapital-300x225.jpg\" alt=\"Salzburger Domkapital\" width=\"300\" height=\"225\" srcset=\"https:\/\/blog.radiofabrik.at\/artarium\/files\/2020\/08\/Salzburger-Domkapital-300x225.jpg 300w, https:\/\/blog.radiofabrik.at\/artarium\/files\/2020\/08\/Salzburger-Domkapital-1024x768.jpg 1024w, https:\/\/blog.radiofabrik.at\/artarium\/files\/2020\/08\/Salzburger-Domkapital-768x576.jpg 768w, https:\/\/blog.radiofabrik.at\/artarium\/files\/2020\/08\/Salzburger-Domkapital-1536x1152.jpg 1536w, https:\/\/blog.radiofabrik.at\/artarium\/files\/2020\/08\/Salzburger-Domkapital-400x300.jpg 400w, https:\/\/blog.radiofabrik.at\/artarium\/files\/2020\/08\/Salzburger-Domkapital.jpg 1600w\" sizes=\"auto, (max-width: 300px) 100vw, 300px\" \/><\/a>Doch was hat <strong>eine von Macht- und Geldinteressen gestaltete Welt<\/strong> mit menschlichen Bed\u00fcrfnissen zu tun? Und mit <strong>\u201cBed\u00fcrfnissen\u201d<\/strong> meine ich jetzt nicht die vom <strong>bauernschlauen Marketing<\/strong> k\u00fcnstlich <strong>erzeugten<\/strong> und uns in fortw\u00e4hrender Wiederholung als unsere eigenen <strong>eingepflanzten<\/strong>. Ich meine <strong>die tats\u00e4chlichen<\/strong>, immer schon f\u00fcr unser gedeihliches Leben (und Sterben) <strong>unerl\u00e4sslichen<\/strong> &#8211; wie etwa nach <strong>Frieden<\/strong>, <strong>Gerechtigkeit<\/strong> und <strong>Vertrauen zueinander<\/strong>. In was f\u00fcr <strong>angeblich alternativlose Gesetzm\u00e4\u00dfigkeiten<\/strong> <strong>einer brutalen Marktwirtschaft<\/strong> werden wir stattdessen alle <strong>hineingezwungen?<\/strong> <a href=\"https:\/\/www.youtube.com\/watch?v=DwSQp7VAIq4\" target=\"_blank\" rel=\"noopener noreferrer\"><strong>\u201cIst der Mensch ein Homo Oeconomicus?\u201c<\/strong><\/a> fragt man sich hier auch im Hinblick auf den <strong>Salzburger Jedermann<\/strong>, dieses <strong>Kapital des Domkapitels<\/strong>. Die deutsche <strong>Philosophin<\/strong> <a href=\"https:\/\/de.wikipedia.org\/wiki\/Ariadne_von_Schirach\" target=\"_blank\" rel=\"noopener noreferrer\"><strong>Ariadne von Schirach<\/strong><\/a> bringt das <strong>Wesen des Menschen<\/strong> im st\u00e4ndigen <strong>Wechselspiel mit den Gegebenheiten<\/strong> auch <strong>in ihren klugen B\u00fcchern<\/strong> auf <strong>den springenden Punkt<\/strong>. Zuletzt erschien <a href=\"https:\/\/fm4.orf.at\/stories\/2997190\/\" target=\"_blank\" rel=\"noopener noreferrer\"><strong>\u201cDie psychotische Welt\u201d<\/strong><\/a> und davor <a href=\"https:\/\/www.klett-cotta.de\/buch\/Tropen-Sachbuch\/Du_sollst_nicht_funktionieren\/42848\" target=\"_blank\" rel=\"noopener noreferrer\"><strong>\u201cDu sollst nicht funktionieren\u201d<\/strong><\/a>. <strong>Ihre Vortragskunst<\/strong> ist au\u00dfergew\u00f6hnlich, <strong>Atemrhythmus<\/strong>, <strong>Sprache<\/strong> wie <strong>Stimmelodie<\/strong>. Ihre gesamte Haltung versinnbildlicht, <strong>wie ein verletzbares Menschentier auf leisen Sohlen laut denkt<\/strong>. <strong>Chapeau!<\/strong> Doch Moment, war da nicht was mit <a href=\"https:\/\/de.wikipedia.org\/wiki\/Baldur_von_Schirach\" target=\"_blank\" rel=\"noopener noreferrer\"><strong>dem Nachnamen?<\/strong><\/a><\/p>\n<p><strong>Zu dessen <a href=\"https:\/\/www.geschichtewiki.wien.gv.at\/Baldur_von_Schirach\" target=\"_blank\" rel=\"noopener noreferrer\">\u201cAngebr\u00e4untheit\u201d<\/a><\/strong> hat ihr Cousin <a href=\"https:\/\/de.wikipedia.org\/wiki\/Ferdinand_von_Schirach\" target=\"_blank\" rel=\"noopener noreferrer\"><strong>Ferdinand von Schirach<\/strong><\/a>, der weithin gel\u00e4ufige <strong>Strafverteidiger<\/strong> und <strong>Schriftsteller<\/strong> (und Festspielredner), <a href=\"https:\/\/www.spiegel.de\/spiegel\/print\/d-80266999.html\" target=\"_blank\" rel=\"noopener noreferrer\"><strong>einmal Vorl\u00e4ufig Endg\u00fcltiges<\/strong><\/a> ausgesagt. Und damit wollen <strong>auch wir<\/strong> es bewenden lassen &#8230;<\/p>\n<p>&nbsp;<\/p>\n","protected":false},"excerpt":{"rendered":"<p>&gt; Sendung: Artarium vom Sonntag, 23. August &#8211; Vom Memento mori zur Kapitalismuskritik. Barock&#8217;N&#8217;Roll in einer Stadt, die oft nur als B\u00fchnenbild f\u00fcrs Gesch\u00e4ftemachen gesehen wird. F\u00fcr viele sind daher die Bretter vor ihrem Kopf die, die die Welt bedeuten. &hellip; <a href=\"https:\/\/blog.radiofabrik.at\/artarium\/2020\/08\/20\/salzburger-domkapital\/\">Weiterlesen <span class=\"meta-nav\">&rarr;<\/span><\/a><\/p>\n","protected":false},"author":5,"featured_media":0,"comment_status":"closed","ping_status":"open","sticky":false,"template":"","format":"standard","meta":{"footnotes":""},"categories":[67,68,1,69,15],"tags":[14633,91,84,89,4008,4359],"class_list":["post-21124","post","type-post","status-publish","format-standard","hentry","category-konzept-entwicklung","category-artarium-news","category-uncategorized","category-neue-projekte","category-sendungen","tag-der-kommissar","tag-die-ursache","tag-kunnst","tag-portrait","tag-textase","tag-theater"],"aioseo_notices":[],"_links":{"self":[{"href":"https:\/\/blog.radiofabrik.at\/artarium\/wp-json\/wp\/v2\/posts\/21124","targetHints":{"allow":["GET"]}}],"collection":[{"href":"https:\/\/blog.radiofabrik.at\/artarium\/wp-json\/wp\/v2\/posts"}],"about":[{"href":"https:\/\/blog.radiofabrik.at\/artarium\/wp-json\/wp\/v2\/types\/post"}],"author":[{"embeddable":true,"href":"https:\/\/blog.radiofabrik.at\/artarium\/wp-json\/wp\/v2\/users\/5"}],"replies":[{"embeddable":true,"href":"https:\/\/blog.radiofabrik.at\/artarium\/wp-json\/wp\/v2\/comments?post=21124"}],"version-history":[{"count":0,"href":"https:\/\/blog.radiofabrik.at\/artarium\/wp-json\/wp\/v2\/posts\/21124\/revisions"}],"wp:attachment":[{"href":"https:\/\/blog.radiofabrik.at\/artarium\/wp-json\/wp\/v2\/media?parent=21124"}],"wp:term":[{"taxonomy":"category","embeddable":true,"href":"https:\/\/blog.radiofabrik.at\/artarium\/wp-json\/wp\/v2\/categories?post=21124"},{"taxonomy":"post_tag","embeddable":true,"href":"https:\/\/blog.radiofabrik.at\/artarium\/wp-json\/wp\/v2\/tags?post=21124"}],"curies":[{"name":"wp","href":"https:\/\/api.w.org\/{rel}","templated":true}]}}