{"id":2151,"date":"2011-03-18T13:19:45","date_gmt":"2011-03-18T12:19:45","guid":{"rendered":"http:\/\/blog.radiofabrik.at\/artarium\/?p=2151"},"modified":"2011-03-20T22:09:33","modified_gmt":"2011-03-20T21:09:33","slug":"minimalbewegung","status":"publish","type":"post","link":"https:\/\/blog.radiofabrik.at\/artarium\/2011\/03\/18\/minimalbewegung\/","title":{"rendered":"Minimalbewegung"},"content":{"rendered":"<p><strong><a href=\"http:\/\/cba.fro.at\/43856\">Download\/Podcast Artarium<\/a> vom Sonntag, 20. M\u00e4rz: Drei ganz und gar uneilige K\u00f6nige legen auf ihrer Sternenreise einen Zwischenstopp im Studio ein. Die Herren Aron De Lima, Emanuel Syn und Royal Ruv von der Salzburger <a href=\"http:\/\/www.facebook.com\/profile.php?id=100001776300673#!\/pages\/Minimalbewegung\/107484015974609\">Minimalbewegung<\/a> gew\u00e4hren uns einen Einblick in ihr vielseitiges Schaffen und pr\u00e4sentieren h\u00f6chstselbst ihre neuesten Projects in Progress. Die etwas minimalistischere Betrachtungsweise mit maximaler Sound-Philosophie-Verdichtung!<\/strong><\/p>\n<p><strong><a href=\"https:\/\/blog.radiofabrik.at\/artarium\/files\/2011\/03\/20090901-1yrndgaf24fr5f1356cihx54gn.jpg\"><img loading=\"lazy\" decoding=\"async\" class=\"alignleft size-medium wp-image-2152\" src=\"https:\/\/blog.radiofabrik.at\/artarium\/files\/2011\/03\/20090901-1yrndgaf24fr5f1356cihx54gn-296x300.jpg\" alt=\"\" width=\"296\" height=\"300\" srcset=\"https:\/\/blog.radiofabrik.at\/artarium\/files\/2011\/03\/20090901-1yrndgaf24fr5f1356cihx54gn-296x300.jpg 296w, https:\/\/blog.radiofabrik.at\/artarium\/files\/2011\/03\/20090901-1yrndgaf24fr5f1356cihx54gn.jpg 642w\" sizes=\"auto, (max-width: 296px) 100vw, 296px\" \/><\/a><\/strong>In einem <a href=\"https:\/\/blog.radiofabrik.at\/artarium\/about-artarium\/\">Kunnst-Biotop<\/a> kann es bei allen m\u00f6glichen Ableitungen und Assoziationen rund um <a href=\"http:\/\/de.wikipedia.org\/wiki\/Minimal_Music\">Minimal Music<\/a>, Produktionstechnik oder Tanzgewohnheiten wohl nur um eine emotional-existenzielle Grundfrage gehen: <strong>&#8222;Wer bist du?&#8220;<\/strong> Und hinter dergestalt tiefsinnig-federleichten Musenk\u00fcssen wollen wir Vampire des Nachtlebens wieder ein neues <strong>&#8222;Ich bin ich!&#8220;<\/strong> ins Tageslicht hervor verzaubern.<strong><\/strong><\/p>\n<p><strong>Soviel zu unserer Philosophie. <\/strong>Und wer nicht dichtet, hat andere M\u00f6glichkeiten! Womit wir bei unseren G\u00e4sten und ihren <strong>hypnotisch tanzbaren Klangverdichtunge<\/strong>n angelangt sind.<\/p>\n<p><a href=\"https:\/\/blog.radiofabrik.at\/artarium\/files\/2011\/03\/20110225-Republic-Front.jpg\"><img loading=\"lazy\" decoding=\"async\" class=\"alignleft size-medium wp-image-2164\" src=\"https:\/\/blog.radiofabrik.at\/artarium\/files\/2011\/03\/20110225-Republic-Front-106x300.jpg\" alt=\"\" width=\"106\" height=\"300\" srcset=\"https:\/\/blog.radiofabrik.at\/artarium\/files\/2011\/03\/20110225-Republic-Front-106x300.jpg 106w, https:\/\/blog.radiofabrik.at\/artarium\/files\/2011\/03\/20110225-Republic-Front-363x1024.jpg 363w\" sizes=\"auto, (max-width: 106px) 100vw, 106px\" \/><\/a>W\u00e4hrend <a href=\"http:\/\/en.wikipedia.org\/wiki\/Minimal_techno\">Minimal Techno<\/a> oder eben <a href=\"http:\/\/de.wikipedia.org\/wiki\/Minimal_Techno\">&#8222;Neue Minimal-Bewegung&#8220;<\/a> seit Ende der 90er Jahre und Mitte der 00er Jahre (<a href=\"http:\/\/de.wikipedia.org\/wiki\/Freude_am_Tanzen\">Freude am Tanzen &#8211; Label<\/a>) als Genrebezeichnung international zum Begriff geworden ist, definiert sich <strong>das Salzburger DJ\/Producer-Kollektiv Minimalbewegung<\/strong> (<a href=\"http:\/\/www.facebook.com\/profile.php?id=100001776300673#!\/pages\/Minimalbewegung\/107484015974609\">Facebook<\/a>) innerhalb des Subgenres durch sein Musikschaffen wiederum selbst. Ihre <strong>Tracks und Remixes<\/strong> stehen mittlerweile nicht nur auf <a href=\"http:\/\/www.myspace.com\/minimalbewegung\">Myspace<\/a> oder <a href=\"http:\/\/soundcloud.com\/minimalbewegung\">Soundcloud<\/a> zur gef\u00e4lligen Verf\u00fcgung bereit, sondern beleben auch immer \u00f6fter Salzburger Veranstaltungen wie etwa <strong>diese Woche (Freitag, 25. 3.) <a href=\"http:\/\/austria.partysan.net\/clublife\/minimalbewegung-mit-lazutkin\/\">im Republic<\/a><\/strong> featuring <a href=\"http:\/\/soundcloud.com\/elaylazutkin\">Elay Lazutkin<\/a>. Gut m\u00f6glich, dass hier nach dem Overdose-Team wieder eine <strong>h\u00f6chst engagierte Crew<\/strong> aus heimischen Gefilden zum Sprung in die &#8222;\u00fcberregionale Bedeutung weit \u00fcber Salzburg und den s\u00fcdbayerischen Raum hinaus&#8220; ansetzt. Wir freuen uns jedenfalls schon auf ein <strong>phantasieanregendes Hintergrundgespr\u00e4ch<\/strong> nebst <strong>inspirierender Studiobeschallung! <\/strong>Anschlie\u00dfend gibts die Sendung auch wieder als Download <a href=\"http:\/\/cba.fro.at\/series\/614\">via <strong>CBA<\/strong><\/a>.<strong><br \/>\n<\/strong><\/p>\n","protected":false},"excerpt":{"rendered":"<p>Download\/Podcast Artarium vom Sonntag, 20. M\u00e4rz: Drei ganz und gar uneilige K\u00f6nige legen auf ihrer Sternenreise einen Zwischenstopp im Studio ein. Die Herren Aron De Lima, Emanuel Syn und Royal Ruv von der Salzburger Minimalbewegung gew\u00e4hren uns einen Einblick in &hellip; <a href=\"https:\/\/blog.radiofabrik.at\/artarium\/2011\/03\/18\/minimalbewegung\/\">Weiterlesen <span class=\"meta-nav\">&rarr;<\/span><\/a><\/p>\n","protected":false},"author":5,"featured_media":0,"comment_status":"open","ping_status":"open","sticky":false,"template":"","format":"standard","meta":{"footnotes":""},"categories":[68,15],"tags":[16284,89,81],"class_list":["post-2151","post","type-post","status-publish","format-standard","hentry","category-artarium-news","category-sendungen","tag-musik","tag-portrait","tag-review"],"aioseo_notices":[],"_links":{"self":[{"href":"https:\/\/blog.radiofabrik.at\/artarium\/wp-json\/wp\/v2\/posts\/2151","targetHints":{"allow":["GET"]}}],"collection":[{"href":"https:\/\/blog.radiofabrik.at\/artarium\/wp-json\/wp\/v2\/posts"}],"about":[{"href":"https:\/\/blog.radiofabrik.at\/artarium\/wp-json\/wp\/v2\/types\/post"}],"author":[{"embeddable":true,"href":"https:\/\/blog.radiofabrik.at\/artarium\/wp-json\/wp\/v2\/users\/5"}],"replies":[{"embeddable":true,"href":"https:\/\/blog.radiofabrik.at\/artarium\/wp-json\/wp\/v2\/comments?post=2151"}],"version-history":[{"count":0,"href":"https:\/\/blog.radiofabrik.at\/artarium\/wp-json\/wp\/v2\/posts\/2151\/revisions"}],"wp:attachment":[{"href":"https:\/\/blog.radiofabrik.at\/artarium\/wp-json\/wp\/v2\/media?parent=2151"}],"wp:term":[{"taxonomy":"category","embeddable":true,"href":"https:\/\/blog.radiofabrik.at\/artarium\/wp-json\/wp\/v2\/categories?post=2151"},{"taxonomy":"post_tag","embeddable":true,"href":"https:\/\/blog.radiofabrik.at\/artarium\/wp-json\/wp\/v2\/tags?post=2151"}],"curies":[{"name":"wp","href":"https:\/\/api.w.org\/{rel}","templated":true}]}}