{"id":22045,"date":"2021-08-01T18:58:43","date_gmt":"2021-08-01T17:58:43","guid":{"rendered":"https:\/\/blog.radiofabrik.at\/artarium\/?p=22045"},"modified":"2023-07-22T15:26:15","modified_gmt":"2023-07-22T14:26:15","slug":"ein-fester-festspielflash-2","status":"publish","type":"post","link":"https:\/\/blog.radiofabrik.at\/artarium\/2021\/08\/01\/ein-fester-festspielflash-2\/","title":{"rendered":"Ein fester Festspielflash"},"content":{"rendered":"<p><strong>&gt; Sendung: <a href=\"https:\/\/cba.fro.at\/513348\" target=\"_blank\" rel=\"noopener\">Artarium vom Sonntag, 8. August<\/a><\/strong> &#8211; Seit inzwischen <strong>101 Jahren<\/strong> sind <a href=\"https:\/\/www.salzburgerfestspiele.at\/karten\/programm\" target=\"_blank\" rel=\"noopener\"><strong>\u201cdie<\/strong> <strong>Festspiele\u201d<\/strong><\/a> ein fester Bestandteil des <strong>Salzburger Selbstbilds<\/strong>. <em>\u201cDie ganze Stadt ist B\u00fchne\u201d<\/em>, soll einer ihrer <strong>altvorderen Gr\u00fcnder<\/strong> einmal gesagt haben. <strong>Fest<\/strong>, <strong>fester<\/strong>, <strong>am festspielsten<\/strong>. Nun, wenn alles <strong>ein einziges Theater<\/strong> ist (und noch dazu auf h\u00f6chstem Niveau), <strong>welches St\u00fcck<\/strong> wird da gegeben? <strong>Jahr f\u00fcr Jahr f\u00fcr Jahr<\/strong> wird vom <strong>\u201cSterben des reichen Mannes\u201d<\/strong> erz\u00e4hlt &#8211; wo ist das <a href=\"https:\/\/www.querschlaeger.at\/hp_info_bettler.php\" target=\"_blank\" rel=\"noopener\"><strong>\u201cLeben der armen Leute\u201d <\/strong><\/a>in eurer <strong>Selbst-Inszenierung?<\/strong> Die werden seit der Erfindung des <strong>gro\u00dfen Welttheaters in der kleinen Provinzhauptstadt<\/strong> mit Lebensmitteln aus Wien beschwichtigt &#8211; und d\u00fcrfen heutzutage als mehr oder weniger freundliche <strong>Volksdarsteller auf Umwegen rentabel sein<\/strong>. <em>\u201cDie Festspiele sind f\u00fcr uns <strong>ein Reibebaum<\/strong>, und <strong>wir sind die Sau<\/strong>, die sich an ihnen reibt.\u201d<\/em><\/p>\n<p><a href=\"https:\/\/blog.radiofabrik.at\/artarium\/files\/2021\/08\/Ein-fester-Festspielflash.jpg\"><img loading=\"lazy\" decoding=\"async\" class=\"alignleft size-medium wp-image-22047\" src=\"https:\/\/blog.radiofabrik.at\/artarium\/files\/2021\/08\/Ein-fester-Festspielflash-300x200.jpg\" alt=\"Ein fester Festspielflash\" width=\"300\" height=\"200\" srcset=\"https:\/\/blog.radiofabrik.at\/artarium\/files\/2021\/08\/Ein-fester-Festspielflash-300x200.jpg 300w, https:\/\/blog.radiofabrik.at\/artarium\/files\/2021\/08\/Ein-fester-Festspielflash-1024x682.jpg 1024w, https:\/\/blog.radiofabrik.at\/artarium\/files\/2021\/08\/Ein-fester-Festspielflash-768x512.jpg 768w, https:\/\/blog.radiofabrik.at\/artarium\/files\/2021\/08\/Ein-fester-Festspielflash-450x300.jpg 450w, https:\/\/blog.radiofabrik.at\/artarium\/files\/2021\/08\/Ein-fester-Festspielflash.jpg 1280w\" sizes=\"auto, (max-width: 300px) 100vw, 300px\" \/><\/a>Denn einerseits wird hier <strong>wirklich erhellendes Theater<\/strong> auf die Wege gebracht, werden <strong>weltbewegende Themen<\/strong> in ergreifender Gestalt bis ins Tiefste und Innerste verhandelt und <strong>echter Auseinandersetzung<\/strong> mit <strong>Kunst<\/strong> und <strong>Kultur<\/strong> neue R\u00e4ume er\u00f6ffnet. Andererseits <strong>bleiben die bleierne Bl\u00f6dheit<\/strong> des <strong>Weiter-So<\/strong> und <strong>Immer-Noch-Mehr<\/strong> und auch <strong>die unhinterfragbare Herrschaft<\/strong> von <strong>Geldmacht<\/strong> und <strong>Grundbesitz<\/strong> als <strong>die treibenden Kr\u00e4fte<\/strong> hinter dem sommerlichen Spektakel. <strong>Jedermann?<\/strong> Ich bitt\u2019 sie &#8211; <strong>Jedermann<\/strong>, <strong>der es sich leisten kann!<\/strong> Der sich <strong>f\u00fcr gutes Geld gern gruselt<\/strong> in Hofmannsthals kuschlig morbidem <strong>Katholizistentum<\/strong>. <a href=\"https:\/\/www.sn.at\/salzburg\/kultur\/licht-und-schatten-ueber-salzburger-festspielen-4046704\" target=\"_blank\" rel=\"noopener\"><em><strong>\u201cEine Triumphpforte \u00f6sterreichischer Kunst\u201d<\/strong><\/em><\/a><strong> &#8211; Die<\/strong> <strong>Umwidmung des Untergangs<\/strong> <strong>der Donaumonarchie in ein europ\u00e4isches Erfolgsprojekt f\u00fcr eine exklusive Elite? <\/strong>Genau deshalb haben wir unsere <strong>Begegnung mit <a href=\"https:\/\/de.wikipedia.org\/wiki\/Thomas_Oberender\" target=\"_blank\" rel=\"noopener\">Thomas Oberender<\/a> vor 10 Jahren<\/strong> mit <a href=\"https:\/\/blog.radiofabrik.at\/artarium\/2011\/08\/25\/das-salzburg-syndrom\/\" target=\"_blank\" rel=\"noopener\"><strong>\u201cDas Salzburg Syndrom\u201d<\/strong><\/a> betitelt. Denn &#8211; <strong>wer zahlt<\/strong>, <strong>schafft an<\/strong>. Oder doch nicht?<\/p>\n<p>Er bescherte den Festspielen <strong>ihre bislang erfolgreichste Theatersaison<\/strong> und brachte <a href=\"https:\/\/www.salzburgerfestspiele.at\/a\/jan-lauwers\" target=\"_blank\" rel=\"noopener\"><strong>Jan Lauwers &amp; Needcompany<\/strong><\/a> nach Salzburg (unvergessen <a href=\"https:\/\/nachtkritik.de\/index.php?option=com_content&amp;view=article&amp;id=1620:sad-facehappy-face--jan-lauwers-needcompany-ueberzeugt-mit-ihrer-trilogie-ueber-leben-und-tod&amp;catid=161&amp;Itemid=100190\" target=\"_blank\" rel=\"noopener\"><strong>Sad Face | Happy Face<\/strong><\/a> 2008 auf der Pernerinsel). Und er \u00f6ffnete die Stadt als Spielraum f\u00fcr <strong>immersive Kunst<\/strong>, die teilweise <strong>sogar allgemein zug\u00e4nglich<\/strong> war, wie zum Beispiel <a href=\"https:\/\/www.youtube.com\/watch?v=lx0nwuOfrNA\" target=\"_blank\" rel=\"noopener\"><strong>A Game Of You<\/strong><\/a> von <strong>Ontroerend Goed<\/strong>. Auch <strong>Philipp Hochmairs <a href=\"https:\/\/blog.radiofabrik.at\/artarium\/2019\/10\/07\/jedermann-reloaded-teil-eins\/\" target=\"_blank\" rel=\"noopener\">Jedermann Reloaded<\/a><\/strong> entwickelte sich aus dem <strong>Young Directors Project<\/strong>, das einst von <strong>Thomas Oberender<\/strong> betreut wurde. <strong>Vielleicht ein S\u00e4mann<\/strong>, <strong>dessen Saaten den Satten zum Steinbrech geraten? <\/strong>Und:<\/p>\n<p><em>\u201cEin genialer Spagatk\u00fcnstler\u201c<\/em>, der sich zwischen <strong>dem Aggressor<\/strong> (mit dem Geldkoffer) und den <strong>Abgr\u00fcnden des eigenen Selbst<\/strong> vor allem mit der <strong>Wirkmacht des Theaters<\/strong> (und der m\u00f6glichen Katharsis) <strong>identifiziert<\/strong>. Das ist <strong>ein besserer Gr\u00fcndungsmythos<\/strong> als die <strong>st\u00e4ndige Selbstlobpreisung<\/strong> einer l\u00e4ngst unfruchtbar gewordenen <strong>\u201cbesseren\u201d Gesellschaft<\/strong>. Das etwas andere Kunnst-Biotop verleiht jenen <strong>eine Stimme<\/strong>, die sonst nichts zu sagen haben: <em>\u201cDie Festspiele sind f\u00fcr uns ein <strong>Heiliger Bimbam<\/strong>, bei dessen <strong>Gedr\u00f6hn<\/strong> uns unweigerlich <strong>H\u00f6ren<\/strong> und <strong>Sehen<\/strong> &#8211; und <strong>Reden<\/strong> &#8211; vergehen &#8230;\u201d<\/em><\/p>\n<p><a href=\"https:\/\/blog.radiofabrik.at\/artarium\/2011\/08\/25\/ein-fester-festspielflash\/\" target=\"_blank\" rel=\"noopener\"><strong>Es ist uns ein fester Festspielflash<\/strong><\/a><\/p>\n<p><strong>PS. Mehr dazu gibts bei den <a href=\"https:\/\/blog.radiofabrik.at\/nachtfahrt\/uncategorized\/liebe-in-zeiten\/\" target=\"_blank\" rel=\"noopener\">Perlentauchern<\/a><\/strong><\/p>\n<p>&nbsp;<\/p>\n","protected":false},"excerpt":{"rendered":"<p>&gt; Sendung: Artarium vom Sonntag, 8. August &#8211; Seit inzwischen 101 Jahren sind \u201cdie Festspiele\u201d ein fester Bestandteil des Salzburger Selbstbilds. \u201cDie ganze Stadt ist B\u00fchne\u201d, soll einer ihrer altvorderen Gr\u00fcnder einmal gesagt haben. Fest, fester, am festspielsten. Nun, wenn &hellip; <a href=\"https:\/\/blog.radiofabrik.at\/artarium\/2021\/08\/01\/ein-fester-festspielflash-2\/\">Weiterlesen <span class=\"meta-nav\">&rarr;<\/span><\/a><\/p>\n","protected":false},"author":5,"featured_media":0,"comment_status":"closed","ping_status":"open","sticky":false,"template":"","format":"standard","meta":{"footnotes":""},"categories":[67,68,1,69,15],"tags":[91,83,84,81,4008,4359,7591],"class_list":["post-22045","post","type-post","status-publish","format-standard","hentry","category-konzept-entwicklung","category-artarium-news","category-uncategorized","category-neue-projekte","category-sendungen","tag-die-ursache","tag-inteam","tag-kunnst","tag-review","tag-textase","tag-theater","tag-zeit-geschichte"],"aioseo_notices":[],"_links":{"self":[{"href":"https:\/\/blog.radiofabrik.at\/artarium\/wp-json\/wp\/v2\/posts\/22045","targetHints":{"allow":["GET"]}}],"collection":[{"href":"https:\/\/blog.radiofabrik.at\/artarium\/wp-json\/wp\/v2\/posts"}],"about":[{"href":"https:\/\/blog.radiofabrik.at\/artarium\/wp-json\/wp\/v2\/types\/post"}],"author":[{"embeddable":true,"href":"https:\/\/blog.radiofabrik.at\/artarium\/wp-json\/wp\/v2\/users\/5"}],"replies":[{"embeddable":true,"href":"https:\/\/blog.radiofabrik.at\/artarium\/wp-json\/wp\/v2\/comments?post=22045"}],"version-history":[{"count":34,"href":"https:\/\/blog.radiofabrik.at\/artarium\/wp-json\/wp\/v2\/posts\/22045\/revisions"}],"predecessor-version":[{"id":24349,"href":"https:\/\/blog.radiofabrik.at\/artarium\/wp-json\/wp\/v2\/posts\/22045\/revisions\/24349"}],"wp:attachment":[{"href":"https:\/\/blog.radiofabrik.at\/artarium\/wp-json\/wp\/v2\/media?parent=22045"}],"wp:term":[{"taxonomy":"category","embeddable":true,"href":"https:\/\/blog.radiofabrik.at\/artarium\/wp-json\/wp\/v2\/categories?post=22045"},{"taxonomy":"post_tag","embeddable":true,"href":"https:\/\/blog.radiofabrik.at\/artarium\/wp-json\/wp\/v2\/tags?post=22045"}],"curies":[{"name":"wp","href":"https:\/\/api.w.org\/{rel}","templated":true}]}}