{"id":22849,"date":"2022-04-14T21:27:06","date_gmt":"2022-04-14T20:27:06","guid":{"rendered":"https:\/\/blog.radiofabrik.at\/artarium\/?p=22849"},"modified":"2022-04-17T19:04:04","modified_gmt":"2022-04-17T18:04:04","slug":"gibt-es-osterhasen","status":"publish","type":"post","link":"https:\/\/blog.radiofabrik.at\/artarium\/2022\/04\/14\/gibt-es-osterhasen\/","title":{"rendered":"Gibt es Osterhasen?"},"content":{"rendered":"<p><strong>&gt; Sendung: <a href=\"https:\/\/cba.fro.at\/552368\" target=\"_blank\" rel=\"noopener\">Artarium vom Sonntag, 17. April<\/a><\/strong>\u00a0<strong>&#8212;<\/strong> <strong><a href=\"https:\/\/www.youtube.com\/watch?v=yVrLHYboMXo#t=46s\" target=\"_blank\" rel=\"noopener\">Zuerst der p\u00e4pstliche Ostersegen<\/a> &#8211; und jede Menge christlichen Mullah-Tschack<\/strong> noch dazu: <strong>Homosexualit\u00e4t ist vom Teufel!<\/strong> <strong>Und Osterhasen gibt es nicht!<\/strong> <strong>Stattdessen Krieg und Weltzerst\u00f6rung im Namen der Realit\u00e4t:<\/strong> <strong>Die Ernste des Lebens<\/strong> oder <strong>Die Realit\u00e4ter mit Werbeagentur<\/strong>. <em>\u201cDie meisten Menschen legen ihre Kindheit ab wie einen alten Hut. Sie vergessen sie wie eine Telefonnummer, die nicht mehr gilt. Fr\u00fcher waren sie Kinder, dann wurden sie Erwachsene, aber was sind sie jetzt? Nur wer erwachsen wird <strong>und<\/strong> ein Kind bleibt, ist ein Mensch.\u201d<\/em> <a href=\"https:\/\/www.uni-heidelberg.de\/md\/chemgeo\/pci\/wolfrum\/kaestner.htm\" target=\"_blank\" rel=\"noopener\"><strong>Erich K\u00e4stner<\/strong>.<\/a> <strong>Tief im eigenen Ich versteckt<\/strong> ist dieses <strong>Menschenkind<\/strong>, das wir alle einmal waren und mit dem gemeinsam <strong>wir Mensch sein k\u00f6nnten<\/strong> &#8211; wenn wir <strong>das<\/strong>, <strong>woran es in uns glaubt<\/strong>, wichtiger n\u00e4hmen als <strong>eine schwindlige Weltpolitik<\/strong>.<\/p>\n<p><a href=\"https:\/\/blog.radiofabrik.at\/artarium\/files\/2022\/04\/Osterhasen-Jesus-und-die-Kunst-von-Erik-Ravelo-Suarez.jpg\"><img loading=\"lazy\" decoding=\"async\" class=\"alignleft size-medium wp-image-22853\" src=\"https:\/\/blog.radiofabrik.at\/artarium\/files\/2022\/04\/Osterhasen-Jesus-und-die-Kunst-von-Erik-Ravelo-Suarez-245x300.jpg\" alt=\"Osterhasen, Jesus und die Kunst von Erik Ravelo Suarez\" width=\"245\" height=\"300\" srcset=\"https:\/\/blog.radiofabrik.at\/artarium\/files\/2022\/04\/Osterhasen-Jesus-und-die-Kunst-von-Erik-Ravelo-Suarez-245x300.jpg 245w, https:\/\/blog.radiofabrik.at\/artarium\/files\/2022\/04\/Osterhasen-Jesus-und-die-Kunst-von-Erik-Ravelo-Suarez-838x1024.jpg 838w, https:\/\/blog.radiofabrik.at\/artarium\/files\/2022\/04\/Osterhasen-Jesus-und-die-Kunst-von-Erik-Ravelo-Suarez-768x939.jpg 768w, https:\/\/blog.radiofabrik.at\/artarium\/files\/2022\/04\/Osterhasen-Jesus-und-die-Kunst-von-Erik-Ravelo-Suarez.jpg 1080w\" sizes=\"auto, (max-width: 245px) 100vw, 245px\" \/><\/a><strong>Etwa den Brief<\/strong>, den es <strong>mit 5 Jahren<\/strong> an den <strong>Osterhasen<\/strong> geschrieben hat. Vor allem <strong>das<\/strong>, was es damals <strong>als seinen Wunsch<\/strong> f\u00fcr <strong>sein gedeihlich aufkeimendes Leben<\/strong> formuliert hat &#8211; passend zur <strong>Fr\u00fchlingsstimmung<\/strong>. <strong>Das<\/strong> h\u00e4tte uns <strong>durch die Jahre<\/strong> begleiten sollen &#8211; nicht <a href=\"https:\/\/www.youtube.com\/watch?v=onsz8-Rykt8\" target=\"_blank\" rel=\"noopener\"><strong>rationalisiertes Erkl\u00e4rgeschwafel<\/strong><\/a> von wegen <strong>\u201c<\/strong><strong>Erziehung zur Anpassung\u201d<\/strong> an die <strong>\u201cRealit\u00e4t der herrschenden Verh\u00e4ltnisse\u201d<\/strong>. Und auch wenn <strong>Werbeagenturen<\/strong> gemeinhin daf\u00fcr bekannt sind, als <strong>feindliche Invasoren<\/strong> in unser Unterbewusstsein <strong>einzudringen<\/strong>, so zeigen doch <strong>einzelne Beispiele<\/strong> gelegentlich echten <strong>Kunnstverstand jenseits von Markt und Manipulation<\/strong>. So wie <strong>dieses Foto von<\/strong> <a href=\"https:\/\/www.luerzersarchive.com\/en\/article\/711\/the-provocative-genius-of-erik-ravelo.html\" target=\"_blank\" rel=\"noopener\"><strong>Erik Ravelo Suarez<\/strong>,<\/a> der unter anderem in der <strong>Benetton-Fabrica<\/strong> arbeitete und dessen <strong>provokative Installationen<\/strong> sich inzwischen zu einem <a href=\"https:\/\/streetartutopia.com\/2022\/04\/12\/a-higher-power-in-havana-cuba-by-erik-ravelo-suarez\/\" target=\"_blank\" rel=\"noopener\"><strong>globalen\u00a0Street-Art-Ph\u00e4nomen<\/strong><\/a> entwickelt haben. Oder auch eins unserer fr\u00fcheren Lieblingsbeispiele, <a href=\"https:\/\/www.youtube.com\/watch?v=zFWr-CKMWGY\" target=\"_blank\" rel=\"noopener\"><strong>das Video<\/strong> <strong>\u201cGet Closer\u201d<\/strong>,<\/a> das <strong>Jung von Matt\/Limmat 2011<\/strong> f\u00fcr <a href=\"https:\/\/www.proinfirmis.ch\/\" target=\"_blank\" rel=\"noopener\"><strong>Pro Infirmis in der Schweiz<\/strong><\/a> produziert haben. <strong>Jedes<\/strong> wem auch immer innewohnende <strong>Kind<\/strong>, das sich noch immer ausdr\u00fccken darf und das noch dazu wahrgenommen wird, reagiert auf <strong>derartige Darstellungen<\/strong> mit <strong>wachem Interesse<\/strong>. Wir sollten ihm <strong>den Fr\u00fchling nicht verderben<\/strong>. <strong>Und uns selbst<\/strong> &#8230;<\/p>\n<p>Du kannst deine <strong>Gef\u00fchle<\/strong> n\u00e4mlich <strong>nicht abspalten<\/strong> &#8211; auf jeden Fall <strong>nicht auf Dauer<\/strong>. Im Angesicht des Todes mag wohl <strong>alles nichtig und l\u00e4cherlich<\/strong> sein, aber sp\u00fcren werden wir es, dass wir sterben. <strong>Da hilft kein Morphium<\/strong> und auch <strong>kein Erwachsensein<\/strong>. Und schon gar keine <strong>lebenslang einge\u00fcbte Gef\u00fchlsstarre<\/strong>. <strong>Und Pseudogef\u00fchle<\/strong>, die blo\u00df <strong>reizausgel\u00f6ste Reaktionsgeb\u00e4rden<\/strong> zur Vorspiegelung erw\u00fcnschter Verhaltensweisen sind, haben da schon <strong>gar keine G\u00fcltigkeit<\/strong>. Es geht um <strong>den Mut zum Mitgef\u00fchl<\/strong>, auch <strong>mit sich selbst<\/strong>. Und <strong>mit dem Anderen<\/strong>, auch <strong>in sich selbst<\/strong>. Denn, <strong>ja da schau her:<\/strong><\/p>\n<p><a href=\"https:\/\/www.youtube.com\/watch?v=pkw66b2A14U\" target=\"_blank\" rel=\"noopener\"><strong>Auch der andere, der bist du<\/strong><\/a><\/p>\n<p>&nbsp;<\/p>\n","protected":false},"excerpt":{"rendered":"<p>&gt; Sendung: Artarium vom Sonntag, 17. April\u00a0&#8212; Zuerst der p\u00e4pstliche Ostersegen &#8211; und jede Menge christlichen Mullah-Tschack noch dazu: Homosexualit\u00e4t ist vom Teufel! Und Osterhasen gibt es nicht! Stattdessen Krieg und Weltzerst\u00f6rung im Namen der Realit\u00e4t: Die Ernste des Lebens &hellip; <a href=\"https:\/\/blog.radiofabrik.at\/artarium\/2022\/04\/14\/gibt-es-osterhasen\/\">Weiterlesen <span class=\"meta-nav\">&rarr;<\/span><\/a><\/p>\n","protected":false},"author":5,"featured_media":0,"comment_status":"closed","ping_status":"open","sticky":false,"template":"","format":"standard","meta":{"footnotes":""},"categories":[67,68,1,69,15],"tags":[7590,4005,91,82,83,84,4003],"class_list":["post-22849","post","type-post","status-publish","format-standard","hentry","category-konzept-entwicklung","category-artarium-news","category-uncategorized","category-neue-projekte","category-sendungen","tag-achtung-satire","tag-artariumxpander","tag-die-ursache","tag-filmvideo","tag-inteam","tag-kunnst","tag-picture-this"],"aioseo_notices":[],"_links":{"self":[{"href":"https:\/\/blog.radiofabrik.at\/artarium\/wp-json\/wp\/v2\/posts\/22849","targetHints":{"allow":["GET"]}}],"collection":[{"href":"https:\/\/blog.radiofabrik.at\/artarium\/wp-json\/wp\/v2\/posts"}],"about":[{"href":"https:\/\/blog.radiofabrik.at\/artarium\/wp-json\/wp\/v2\/types\/post"}],"author":[{"embeddable":true,"href":"https:\/\/blog.radiofabrik.at\/artarium\/wp-json\/wp\/v2\/users\/5"}],"replies":[{"embeddable":true,"href":"https:\/\/blog.radiofabrik.at\/artarium\/wp-json\/wp\/v2\/comments?post=22849"}],"version-history":[{"count":25,"href":"https:\/\/blog.radiofabrik.at\/artarium\/wp-json\/wp\/v2\/posts\/22849\/revisions"}],"predecessor-version":[{"id":22876,"href":"https:\/\/blog.radiofabrik.at\/artarium\/wp-json\/wp\/v2\/posts\/22849\/revisions\/22876"}],"wp:attachment":[{"href":"https:\/\/blog.radiofabrik.at\/artarium\/wp-json\/wp\/v2\/media?parent=22849"}],"wp:term":[{"taxonomy":"category","embeddable":true,"href":"https:\/\/blog.radiofabrik.at\/artarium\/wp-json\/wp\/v2\/categories?post=22849"},{"taxonomy":"post_tag","embeddable":true,"href":"https:\/\/blog.radiofabrik.at\/artarium\/wp-json\/wp\/v2\/tags?post=22849"}],"curies":[{"name":"wp","href":"https:\/\/api.w.org\/{rel}","templated":true}]}}