{"id":22991,"date":"2022-05-26T18:03:22","date_gmt":"2022-05-26T17:03:22","guid":{"rendered":"https:\/\/blog.radiofabrik.at\/artarium\/?p=22991"},"modified":"2022-05-30T16:53:39","modified_gmt":"2022-05-30T15:53:39","slug":"ein-sackerl-gemischtes","status":"publish","type":"post","link":"https:\/\/blog.radiofabrik.at\/artarium\/2022\/05\/26\/ein-sackerl-gemischtes\/","title":{"rendered":"Ein Sackerl Gemischtes"},"content":{"rendered":"<p><strong>&gt; Sendung: <a href=\"https:\/\/cba.fro.at\/559509\" target=\"_blank\" rel=\"noopener\">Artarium vom Sonntag, 29. Mai<\/a><\/strong> &#8211; Es gibt sehr viele sehr <strong>verschiedene Menschen<\/strong> auf der Welt. Und die haben oft sehr <strong>unterschiedliche Gef\u00fchlslagen<\/strong> und <strong>Bed\u00fcrfnisse<\/strong>, zudem auch sehr <strong>unterschiedliche M\u00f6glichkeiten<\/strong>, ihr Leben auf dieser Welt zu gestalten. <strong>Ein Sackerl Gemischtes<\/strong> wie diese Sendung, die sich den <strong>sch\u00f6nen Seiten des Lebens<\/strong> widmet &#8211; <strong>inmitten all der Vergeblichkeit ringsumher<\/strong>. F\u00fcr einige sind bereits <strong>Nachrichten<\/strong> eine <strong>Bedrohung<\/strong>, <strong>Werbejingles<\/strong> ein <strong>Luftangriff<\/strong> und t\u00e4gliche <strong>Eink\u00e4ufe<\/strong> eine <strong>Flucht mitten durch Feindesland<\/strong>. <strong>Ein Brief vom Finanzamt<\/strong> kann da schon <strong>den Weltuntergang bedeuten<\/strong>. <em>\u201cUnd wenn ich w\u00fcsste, dass morgen die Welt unterginge, w\u00fcrde ich heut noch &#8211; einen Freund umarmen.\u201d<\/em> <a href=\"https:\/\/www.freerebel.ch\/und-wenn-ich-wuesste-dass-morgen-die-welt-unterginge\/\" target=\"_blank\" rel=\"noopener\"><strong>Apfelb\u00e4umchen<\/strong><\/a> geht sich f\u00fcr mich nicht mehr aus. <strong>Umarmungen<\/strong> sind zur Zeit sowieso <strong>die stabilere W\u00e4hrung<\/strong>.<\/p>\n<p><a href=\"https:\/\/blog.radiofabrik.at\/artarium\/files\/2022\/05\/Ein-Sackerl-Gemischtes-scaled.jpg\"><img loading=\"lazy\" decoding=\"async\" class=\"alignleft size-medium wp-image-22994\" src=\"https:\/\/blog.radiofabrik.at\/artarium\/files\/2022\/05\/Ein-Sackerl-Gemischtes-300x212.jpg\" alt=\"Ein Sackerl Gemischtes\" width=\"300\" height=\"212\" srcset=\"https:\/\/blog.radiofabrik.at\/artarium\/files\/2022\/05\/Ein-Sackerl-Gemischtes-300x212.jpg 300w, https:\/\/blog.radiofabrik.at\/artarium\/files\/2022\/05\/Ein-Sackerl-Gemischtes-1024x724.jpg 1024w, https:\/\/blog.radiofabrik.at\/artarium\/files\/2022\/05\/Ein-Sackerl-Gemischtes-768x543.jpg 768w, https:\/\/blog.radiofabrik.at\/artarium\/files\/2022\/05\/Ein-Sackerl-Gemischtes-1536x1086.jpg 1536w, https:\/\/blog.radiofabrik.at\/artarium\/files\/2022\/05\/Ein-Sackerl-Gemischtes-2048x1448.jpg 2048w, https:\/\/blog.radiofabrik.at\/artarium\/files\/2022\/05\/Ein-Sackerl-Gemischtes-424x300.jpg 424w\" sizes=\"auto, (max-width: 300px) 100vw, 300px\" \/><\/a><strong>Immer mehr Menschen<\/strong> auf der ganzen Welt haben <strong>Depressionen<\/strong> und <strong>das wundert mich jetzt nicht allzu sehr<\/strong> (auch wenn die genauen <strong>Ursachen<\/strong> noch weithin unerforscht sind), denn <strong>das geistige Klima<\/strong> des uns umrasenden <strong>Leistungsterrors<\/strong> kann <strong>f\u00fcr niemanden gesund<\/strong> sein. In \u00d6sterreich ist <strong>eine Partei<\/strong> an der Macht, deren <strong>Politikdarsteller<\/strong> von <strong>den W\u00fcnschen <em>\u201cder Wirtschaft\u201d<\/em><\/strong> daher <strong>raunzen<\/strong>, die <strong>funktionst\u00fcchtig abgerichtetes Menschenmaterial<\/strong> (ohne Sinn und Verstand) verlangt. <strong>Die Arbeitgeberverb\u00e4nde bef\u00fcrworten <a href=\"https:\/\/www.youtube.com\/watch?v=hWkToXNbrwk\" target=\"_blank\" rel=\"noopener\">Benimmunterricht. <\/a><\/strong>Doch <strong>auch der Mensch besteht aus Natur<\/strong> &#8211; und ist <strong>genau wie diese ein endlicher Rohstoff<\/strong>. Wir leben alle in einem <strong>fragilen Gleichgewicht<\/strong>, das durch <em><strong>\u201cdie Wirtschaft\u201d<\/strong><\/em> l\u00e4ngst <strong>aus demselben gekippt ist<\/strong>. <strong>Die ganze Welt ist au\u00dfer sich<\/strong>. Wie sollten wir da <strong>\u201cbei uns\u201d<\/strong> bleiben? <strong>\u201cDas Volk\u201d<\/strong> (wer auch immer das jeweils ist) hat sich <strong>irrlichternde Durchschwurbler als \u201cRegierung\u201d<\/strong> gew\u00e4hlt. Jetzt schauts <strong>mehrheitlich dumm<\/strong> drein.<\/p>\n<p><strong>Aber Obst ist gesund<\/strong>, <a href=\"https:\/\/www.lyrikline.org\/de\/gedichte\/ottos-mops-1232\" target=\"_blank\" rel=\"noopener\"><strong>otto holt obst<\/strong><\/a> hei\u00dft es, ich erinnere mich: In den <strong>70er Jahren<\/strong> besuchte ich eine <strong>fundamental deprimierende Erziehungsanstalt<\/strong>, in der <strong>Nazis und Katholiken als Lehrer<\/strong> ihre <strong>Bernhard&#8217;schen Urzust\u00e4nd<\/strong> an uns <strong>auslebten<\/strong>. Einer der <strong>raren Lichtblicke<\/strong> war <strong>eine wohlwollende Obstfrau<\/strong> (die Tante eines Mitsch\u00fclers) am benachbarten <strong>Gr\u00fcnmarkt<\/strong>. Zu ihr gingen wir <strong>in der gro\u00dfen Pause<\/strong> <a href=\"https:\/\/baerenpost.myblog.de\/baerenpost\/art\/142812668\" target=\"_blank\" rel=\"noopener\"><strong>obst zu schlingen<\/strong><\/a> aus dem legend\u00e4ren <strong>\u201cSackerl Gemischtes um 5 Schilling\u201d<\/strong>. <strong>Liebevoll wie ein Sack \u00c4pfel<\/strong> begl\u00fcckte sie uns jedes Mal mit <strong>ihren sch\u00f6nsten \u00d6bstern<\/strong>. <strong>Fruchtgeschmack!<\/strong><\/p>\n<p><strong>Depressionen? Umarmungen? Ein Sackerl Gemischtes in finsterer Zeit? Torsten Str\u00e4ter<\/strong> und <strong>Kurt Kr\u00f6mer <\/strong>haben dazu<a href=\"https:\/\/www.daserste.de\/unterhaltung\/comedy-satire\/straeter\/videos\/straeter-folge-3-video-104.html\" target=\"_blank\" rel=\"noopener\"><strong> ein paar Anregungen aus der grauen Praxis.<\/strong><\/a><\/p>\n<p><strong>Shalom, ihr Volkskoffer!<\/strong><\/p>\n<p>&nbsp;<\/p>\n","protected":false},"excerpt":{"rendered":"<p>&gt; Sendung: Artarium vom Sonntag, 29. Mai &#8211; Es gibt sehr viele sehr verschiedene Menschen auf der Welt. Und die haben oft sehr unterschiedliche Gef\u00fchlslagen und Bed\u00fcrfnisse, zudem auch sehr unterschiedliche M\u00f6glichkeiten, ihr Leben auf dieser Welt zu gestalten. Ein &hellip; <a href=\"https:\/\/blog.radiofabrik.at\/artarium\/2022\/05\/26\/ein-sackerl-gemischtes\/\">Weiterlesen <span class=\"meta-nav\">&rarr;<\/span><\/a><\/p>\n","protected":false},"author":5,"featured_media":0,"comment_status":"closed","ping_status":"open","sticky":false,"template":"","format":"standard","meta":{"footnotes":""},"categories":[67,68,1,69,15],"tags":[7590,91,83,84,16284,81,4008,7591],"class_list":["post-22991","post","type-post","status-publish","format-standard","hentry","category-konzept-entwicklung","category-artarium-news","category-uncategorized","category-neue-projekte","category-sendungen","tag-achtung-satire","tag-die-ursache","tag-inteam","tag-kunnst","tag-musik","tag-review","tag-textase","tag-zeit-geschichte"],"aioseo_notices":[],"_links":{"self":[{"href":"https:\/\/blog.radiofabrik.at\/artarium\/wp-json\/wp\/v2\/posts\/22991","targetHints":{"allow":["GET"]}}],"collection":[{"href":"https:\/\/blog.radiofabrik.at\/artarium\/wp-json\/wp\/v2\/posts"}],"about":[{"href":"https:\/\/blog.radiofabrik.at\/artarium\/wp-json\/wp\/v2\/types\/post"}],"author":[{"embeddable":true,"href":"https:\/\/blog.radiofabrik.at\/artarium\/wp-json\/wp\/v2\/users\/5"}],"replies":[{"embeddable":true,"href":"https:\/\/blog.radiofabrik.at\/artarium\/wp-json\/wp\/v2\/comments?post=22991"}],"version-history":[{"count":22,"href":"https:\/\/blog.radiofabrik.at\/artarium\/wp-json\/wp\/v2\/posts\/22991\/revisions"}],"predecessor-version":[{"id":23015,"href":"https:\/\/blog.radiofabrik.at\/artarium\/wp-json\/wp\/v2\/posts\/22991\/revisions\/23015"}],"wp:attachment":[{"href":"https:\/\/blog.radiofabrik.at\/artarium\/wp-json\/wp\/v2\/media?parent=22991"}],"wp:term":[{"taxonomy":"category","embeddable":true,"href":"https:\/\/blog.radiofabrik.at\/artarium\/wp-json\/wp\/v2\/categories?post=22991"},{"taxonomy":"post_tag","embeddable":true,"href":"https:\/\/blog.radiofabrik.at\/artarium\/wp-json\/wp\/v2\/tags?post=22991"}],"curies":[{"name":"wp","href":"https:\/\/api.w.org\/{rel}","templated":true}]}}