{"id":23672,"date":"2022-12-29T15:22:15","date_gmt":"2022-12-29T14:22:15","guid":{"rendered":"https:\/\/blog.radiofabrik.at\/artarium\/?p=23672"},"modified":"2023-01-08T19:32:15","modified_gmt":"2023-01-08T18:32:15","slug":"ein-unkastrierter-kater","status":"publish","type":"post","link":"https:\/\/blog.radiofabrik.at\/artarium\/2022\/12\/29\/ein-unkastrierter-kater\/","title":{"rendered":"Ein unkastrierter Kater"},"content":{"rendered":"<p><strong>&gt; Sendung: <a href=\"https:\/\/cba.fro.at\/594132\" target=\"_blank\" rel=\"noopener\">Artarium vom Sonntag, 8. Januar<\/a><\/strong> &#8211; <a href=\"https:\/\/de.wikipedia.org\/wiki\/Michael_K%C3%B6hlmeier\" target=\"_blank\" rel=\"noopener\"><strong>Michael K\u00f6hlmeier<\/strong><\/a> hat es also wieder getan: Er hat <strong>ein Buch<\/strong> geschrieben. Einen weit ausladenden <strong>Roman<\/strong>. Noch dazu aus der <strong>Perspektive eines Katers<\/strong>, der in seinem siebten Leben seine sechs vorangegangenen erz\u00e4hlt, also quasi <strong>seine Memoiren schreibt<\/strong>, die wir <a href=\"https:\/\/www.rupertusbuch.at\/item\/Matou\/Michael_Koehlmeier\/47979071?back=db4773982e0cf683f451ba7a1449f176\" target=\"_blank\" rel=\"noopener\"><strong>auf knapp 1000 Seiten lesen<\/strong><\/a> oder (fast noch besser) <a href=\"https:\/\/www.rupertusbuch.at\/item\/48446925\" target=\"_blank\" rel=\"noopener\"><strong>als gut 40-st\u00fcndiges H\u00f6rbuch<\/strong><\/a> von ihm selbst vorlesen lassen k\u00f6nnen. <strong>Der Kater hei\u00dft Matou<\/strong> &#8211; <strong>genauer Monsieur Matou<\/strong> &#8211; und <strong>das bedeutet<\/strong>, dass er <em><strong>ein unkastrierter Kater<\/strong><\/em> ist, worauf er <strong>gro\u00dfen Wert<\/strong> legt, wie wir in seinem Bericht, <strong>unter <em>vielem<\/em> anderen<\/strong>, erfahren. Denn <strong>die sieben Leben<\/strong> dieses <strong>sprechen<\/strong> und <strong>schreiben k\u00f6nnenden Katers<\/strong> fangen bei der <strong>franz\u00f6sischen Revolution<\/strong> an &#8211; und reichen bis <strong>zur studentischen Gegenwart<\/strong> in Wien und Berlin.<\/p>\n<p><a href=\"https:\/\/blog.radiofabrik.at\/artarium\/files\/2022\/12\/Katzen-und-ein-unkastrierter-Kater.jpg\"><img loading=\"lazy\" decoding=\"async\" class=\"alignleft size-medium wp-image-23675\" src=\"https:\/\/blog.radiofabrik.at\/artarium\/files\/2022\/12\/Katzen-und-ein-unkastrierter-Kater-223x300.jpg\" alt=\"Katzen und ein unkastrierter Kater\" width=\"223\" height=\"300\" srcset=\"https:\/\/blog.radiofabrik.at\/artarium\/files\/2022\/12\/Katzen-und-ein-unkastrierter-Kater-223x300.jpg 223w, https:\/\/blog.radiofabrik.at\/artarium\/files\/2022\/12\/Katzen-und-ein-unkastrierter-Kater-762x1024.jpg 762w, https:\/\/blog.radiofabrik.at\/artarium\/files\/2022\/12\/Katzen-und-ein-unkastrierter-Kater-768x1033.jpg 768w, https:\/\/blog.radiofabrik.at\/artarium\/files\/2022\/12\/Katzen-und-ein-unkastrierter-Kater-1142x1536.jpg 1142w, https:\/\/blog.radiofabrik.at\/artarium\/files\/2022\/12\/Katzen-und-ein-unkastrierter-Kater-1523x2048.jpg 1523w, https:\/\/blog.radiofabrik.at\/artarium\/files\/2022\/12\/Katzen-und-ein-unkastrierter-Kater.jpg 1608w\" sizes=\"auto, (max-width: 223px) 100vw, 223px\" \/><\/a>Inklusive seiner jeweils dazwischen liegenden <strong>Aufenthalte \u201cim Weggemachten\u201d<\/strong>, einer von uns Menschen eher unbeholfen als <strong>\u201cJenseits\u201d<\/strong> beschriebene Dimension. <strong>Eine Zwischenwelt des \u00dcbergangs<\/strong> von einem vergangenen in ein neues Leben, das sich <strong>die darin befindlichen Katzen<\/strong> selbst aus einem <strong>\u201cKatalog\u201d<\/strong> ausw\u00e4hlen k\u00f6nnen. <strong>Hier ber\u00fchrt uns der in dieses Buch verdichtete Schatz<\/strong> aus all den verschiedenen <strong>Lebensthemen und Arbeiten seines Autors<\/strong> &#8211; und den wollen wir <strong>in dieser Sendung<\/strong> endlich <strong>zu Gesp\u00fcr bringen<\/strong>. Denn nichts ist <strong>sinnloser und missverst\u00e4ndlicher<\/strong> als die unbeholfenen Versuche, <strong>diesen vielschichtigen Roman<\/strong>, der <strong>viel mehr als nur die Summe seiner Teile<\/strong> ist, auf <strong>irgendeine pseudosachbezogene Weise vorstellen<\/strong>, <strong>verkaufen<\/strong>, <strong>kritisieren<\/strong> oder <strong>interpretieren<\/strong> zu wollen. Diesem vielfach vollzogenen <a href=\"https:\/\/www.youtube.com\/watch?v=EKQVsHwOGII\" target=\"_blank\" rel=\"noopener\"><strong>Schuss ins eigene Knie<\/strong><\/a> (gern auch <strong>in den Ofen<\/strong>, <strong>lieber Matou<\/strong>, der du dich sieben Leben lang <strong>an der Verwendung von Metaphern<\/strong> durch uns Menschen abarbeitest) liegt ein weltumspannender <strong>Irrtum<\/strong> zugrunde &#8211; n\u00e4mlich <strong>das Nichtverstehen<\/strong> und somit <strong>das Nichtunterscheidenk\u00f6nnen<\/strong> von <strong>rechtshemisph\u00e4risch<\/strong> und <strong>linkshemisph\u00e4risch gepr\u00e4gten Denkprozessen<\/strong>. <strong>In linkshemisph\u00e4risch gepr\u00e4gten Kategorien<\/strong> ist <strong>K\u00f6hlmeiers Welt nicht zu begreifen<\/strong>.<\/p>\n<p>Was in vielen Rezensionen als erm\u00fcdender <strong>Mangel an Ordnung und Struktur<\/strong> beklagt wird (etwa <strong>das sprunghafte Erz\u00e4hlen des Katers Matou<\/strong> quer durch <strong>philosophische Gedanken<\/strong>, <strong>spontane Einf\u00e4lle<\/strong>, <strong>Erinnerungen<\/strong> sowie <strong>geruchs-<\/strong>, <strong>ger\u00e4usch-<\/strong>, <strong>gef\u00fchls-<\/strong> und <strong>vorstellungsbedingte Assoziationen<\/strong>, in <strong>Vor-<\/strong> und <strong>R\u00fcckblenden<\/strong> und sich <strong>zeitlos dehnenden Augenblicken<\/strong> undsoweiter), das ist <strong>die rechtshemisph\u00e4risch gestaltete Vielwelt aus Wechselwirkung und Gleichzeitigkeit<\/strong>, mit der <strong>das vielleicht gar nicht so geheime Leben der Phantasie im Erz\u00e4hlen wie im Zuh\u00f6ren Wirklichkeit wird<\/strong>&#8230;<\/p>\n<p><a href=\"https:\/\/www.youtube.com\/watch?v=NB9w_KhqICM\" target=\"_blank\" rel=\"noopener\"><strong>Michael K\u00f6hlmeier &#8211; Take a walk on the wild side<\/strong><\/a><\/p>\n<p>&nbsp;<\/p>\n","protected":false},"excerpt":{"rendered":"<p>&gt; Sendung: Artarium vom Sonntag, 8. Januar &#8211; Michael K\u00f6hlmeier hat es also wieder getan: Er hat ein Buch geschrieben. Einen weit ausladenden Roman. Noch dazu aus der Perspektive eines Katers, der in seinem siebten Leben seine sechs vorangegangenen erz\u00e4hlt, &hellip; <a href=\"https:\/\/blog.radiofabrik.at\/artarium\/2022\/12\/29\/ein-unkastrierter-kater\/\">Weiterlesen <span class=\"meta-nav\">&rarr;<\/span><\/a><\/p>\n","protected":false},"author":5,"featured_media":0,"comment_status":"closed","ping_status":"open","sticky":false,"template":"","format":"standard","meta":{"footnotes":""},"categories":[67,68,1,69,15],"tags":[4005,91,84,89,81,4008,7591],"class_list":["post-23672","post","type-post","status-publish","format-standard","hentry","category-konzept-entwicklung","category-artarium-news","category-uncategorized","category-neue-projekte","category-sendungen","tag-artariumxpander","tag-die-ursache","tag-kunnst","tag-portrait","tag-review","tag-textase","tag-zeit-geschichte"],"aioseo_notices":[],"_links":{"self":[{"href":"https:\/\/blog.radiofabrik.at\/artarium\/wp-json\/wp\/v2\/posts\/23672","targetHints":{"allow":["GET"]}}],"collection":[{"href":"https:\/\/blog.radiofabrik.at\/artarium\/wp-json\/wp\/v2\/posts"}],"about":[{"href":"https:\/\/blog.radiofabrik.at\/artarium\/wp-json\/wp\/v2\/types\/post"}],"author":[{"embeddable":true,"href":"https:\/\/blog.radiofabrik.at\/artarium\/wp-json\/wp\/v2\/users\/5"}],"replies":[{"embeddable":true,"href":"https:\/\/blog.radiofabrik.at\/artarium\/wp-json\/wp\/v2\/comments?post=23672"}],"version-history":[{"count":18,"href":"https:\/\/blog.radiofabrik.at\/artarium\/wp-json\/wp\/v2\/posts\/23672\/revisions"}],"predecessor-version":[{"id":23716,"href":"https:\/\/blog.radiofabrik.at\/artarium\/wp-json\/wp\/v2\/posts\/23672\/revisions\/23716"}],"wp:attachment":[{"href":"https:\/\/blog.radiofabrik.at\/artarium\/wp-json\/wp\/v2\/media?parent=23672"}],"wp:term":[{"taxonomy":"category","embeddable":true,"href":"https:\/\/blog.radiofabrik.at\/artarium\/wp-json\/wp\/v2\/categories?post=23672"},{"taxonomy":"post_tag","embeddable":true,"href":"https:\/\/blog.radiofabrik.at\/artarium\/wp-json\/wp\/v2\/tags?post=23672"}],"curies":[{"name":"wp","href":"https:\/\/api.w.org\/{rel}","templated":true}]}}