{"id":26466,"date":"2025-07-17T13:09:00","date_gmt":"2025-07-17T12:09:00","guid":{"rendered":"https:\/\/blog.radiofabrik.at\/artarium\/?p=26466"},"modified":"2025-08-22T15:07:15","modified_gmt":"2025-08-22T14:07:15","slug":"die-fahne-der-freiheit","status":"publish","type":"post","link":"https:\/\/blog.radiofabrik.at\/artarium\/2025\/07\/17\/die-fahne-der-freiheit\/","title":{"rendered":"Die Fahne der Freiheit"},"content":{"rendered":"<p><strong>&gt; Sendung: <a href=\"https:\/\/cba.media\/723760\" target=\"_blank\" rel=\"noopener\">Artarium vom Sonntag, 20. Juli<\/a><\/strong>\u00a0&#8211; <strong>Eine erweiternde und vertiefende Fortsetzung<\/strong> unserer ersten Erinnerungssendung <a href=\"https:\/\/blog.radiofabrik.at\/artarium\/2025\/03\/20\/living-in-the-past\/\" target=\"_blank\" rel=\"noopener\"><strong>\u201cLiving in the Past\u201d<\/strong>,<\/a> die sich dem gemeinsam erlebten <strong>Heranwachsen im Salzburg der 70er Jahre<\/strong> widmete. Diesmal richten wir <strong>unsere Aufmerksamkeit<\/strong> auf <strong>die uns damals umgebende Atmosph\u00e4re<\/strong> <strong>des politischen Aufbruchs<\/strong> und wie <strong>diese Stimmungslage<\/strong> unsere <strong>Hoffnungen<\/strong> und <strong>Perspektiven<\/strong> befl\u00fcgelte. Es ist leicht nachzuvollziehen, dass sich da <strong>ein Begriff wie \u201cFreiheit\u201d<\/strong> ganz vortrefflich auf <strong>unser pubert\u00e4res Hormongef\u00fcge<\/strong> gereimt hat &#8211; und dass sich <strong>dieser Umstand<\/strong> bis heute <strong>in unserer Musikauswahl<\/strong> wiederfindet. Neben dem, was <a href=\"https:\/\/de.cba.media\/539667\" target=\"_blank\" rel=\"noopener\"><strong>\u201c\u00d6sterreich modernisieren\u201d<\/strong><\/a> f\u00fcr <strong>uns Jugendliche damals<\/strong> bedeutete, sei auch darauf hingewiesen, wie geradezu <strong>revolution\u00e4r<\/strong>\u00a0die damalige <strong>Rockmusik<\/strong> war.<\/p>\n<p><a href=\"https:\/\/blog.radiofabrik.at\/artarium\/files\/2025\/07\/Die-Fahne-der-Freiheit.jpg\"><img loading=\"lazy\" decoding=\"async\" class=\"alignleft size-medium wp-image-26468\" src=\"https:\/\/blog.radiofabrik.at\/artarium\/files\/2025\/07\/Die-Fahne-der-Freiheit-300x256.jpg\" alt=\"Die Fahne der Freiheit\" width=\"300\" height=\"256\" srcset=\"https:\/\/blog.radiofabrik.at\/artarium\/files\/2025\/07\/Die-Fahne-der-Freiheit-300x256.jpg 300w, https:\/\/blog.radiofabrik.at\/artarium\/files\/2025\/07\/Die-Fahne-der-Freiheit-1024x873.jpg 1024w, https:\/\/blog.radiofabrik.at\/artarium\/files\/2025\/07\/Die-Fahne-der-Freiheit-768x655.jpg 768w, https:\/\/blog.radiofabrik.at\/artarium\/files\/2025\/07\/Die-Fahne-der-Freiheit-1536x1309.jpg 1536w, https:\/\/blog.radiofabrik.at\/artarium\/files\/2025\/07\/Die-Fahne-der-Freiheit-352x300.jpg 352w, https:\/\/blog.radiofabrik.at\/artarium\/files\/2025\/07\/Die-Fahne-der-Freiheit.jpg 1801w\" sizes=\"auto, (max-width: 300px) 100vw, 300px\" \/><\/a>Zu deren <strong>einstiger Sprengkraft<\/strong> (sowie heutigen Beliebigkeit) hat <strong>Bernhard Torsch<\/strong> unl\u00e4ngst <a href=\"https:\/\/blog.radiofabrik.at\/artarium\/files\/2025\/07\/Bernhard-Torsch-Geschichten-des-RockNRoll.pdf\" target=\"_blank\" rel=\"noopener\"><strong>eine feinsinnige Betrachtung<\/strong><\/a> verfasst. Sie stimmt weitgehend mit unserer <strong>Lebenserfahrung<\/strong> \u00fcberein, wobei wir den\u00a0<strong>stilistischen Schwerpunkt<\/strong> mehr beim <em><strong>\u201cProgressive-\u201d<\/strong><\/em> als beim <em><strong>\u201cBlues-Rock\u201d<\/strong><\/em> setzen &#8211; doch das ist letztendlich <strong>Geschmackssache<\/strong>. Die Grundtendenz der Kulturgeschichte ist hier wie dort die selbe. Jedenfalls <strong>beweist mir der erste Einfall beim<\/strong> <strong>Vorbereiten dieser Sendung<\/strong> (als n\u00e4mlich die Frage auftauchte: <em>\u201cWas wollen wir jetzt spielen von dem, was wir damals immer wieder geh\u00f6rt haben?\u201d<\/em>) <strong>die Richtigkeit seiner \u201crevolution\u00e4ren\u201d Zuschreibung<\/strong>. Denn was haben wir damals, unter dem Einfluss der <strong>Hormone<\/strong> wie auch der <strong>\u201cpolitischen Gro\u00dfwetterlage\u201d<\/strong>, rauf und runter geh\u00f6rt? Es war <a href=\"https:\/\/blog.radiofabrik.at\/artarium\/2011\/01\/17\/spartacus-das-ganze-album\/\" target=\"_blank\" rel=\"noopener\"><strong>\u201cSpartacus\u201d von Triumvirat<\/strong>.<\/a> Auch Nummern wie <strong><a href=\"https:\/\/www.youtube.com\/watch?v=Z92mDlAjaFc\" target=\"_blank\" rel=\"noopener\">\u201cDo The Strand\u201d<\/a> von Roxy Music<\/strong>, sp\u00e4ter <a href=\"https:\/\/www.youtube.com\/playlist?list=OLAK5uy_nbNJCdREKMbjaqjAQsyFwmignjdkTAyL8\" target=\"_blank\" rel=\"noopener\"><strong>das erste Album der Nina Hagen Band<\/strong><\/a> mit dem legend\u00e4ren <a href=\"https:\/\/www.youtube.com\/watch?v=xoB2dJqCDw0\"><strong>\u201cPank\u201d<\/strong><\/a> <em>(\u201cdu alte Sau, gelle!\u201d)<\/em>. <strong>All das ist eine Kampfansage ans unterdr\u00fcckerische Establishment<\/strong>.<\/p>\n<p>Naturgem\u00e4\u00df bekamen wir in jener Zeit auch <strong>die realen Gewaltausbr\u00fcche<\/strong> mit und sie wurden <strong>Teil unserer Lebensgeschichte<\/strong>. So waren einige unserer Freunde <strong>Chilenen<\/strong>, die wegen des <a href=\"https:\/\/de.wikipedia.org\/wiki\/Putsch_in_Chile_1973\" target=\"_blank\" rel=\"noopener\"><strong>Milit\u00e4rputschs 1973<\/strong><\/a> ihr Land verlassen mussten, um nicht umgebracht zu werden. <strong>1977<\/strong> ver\u00f6ffentlichten die <strong>Schmetterlinge<\/strong> ihr Album <a href=\"https:\/\/www.youtube.com\/playlist?list=OLAK5uy_mw15JkhDMo0oBypvxZmHs_XPamJEgoEOw\" target=\"_blank\" rel=\"noopener\"><strong>Proletenpassion<\/strong>,<\/a> auf dem sie einem der damals <strong>zu Tode gefolterten<\/strong>, dem chilenischen <strong>Volkss\u00e4nger Victor Jara<\/strong>, ein beeindruckendes Denkmal setzten: <a href=\"https:\/\/www.youtube.com\/watch?v=joAs6CIHhYs\" target=\"_blank\" rel=\"noopener\"><strong>\u201cCompanero Victor Jara : presente\u201d<\/strong>&#8230;<\/a> Und wir waren, und sind heute noch, <strong>zwischen Aufbruch und Untergang<\/strong> unterwegs.<\/p>\n<p>Was uns zu der Frage f\u00fchrt, <strong>wie<\/strong> wir angesichts der <strong>gegenw\u00e4rtigen Weltlage<\/strong> mit ihren <strong>widerw\u00e4rtigen Ausw\u00fcchsen<\/strong> guten Gewissens und <strong>mit uns selbst \u00fcbereinstimmig<\/strong>, also hier und jetzt, <strong>leben wollen<\/strong>. Dazu ist mir in einer <a href=\"https:\/\/www.facebook.com\/groups\/265481155705\" target=\"_blank\" rel=\"noopener\"><strong>Facebook-Gruppe<\/strong><\/a> (was f\u00fcr ein Auswuchs!) <strong>eine interessante Aussage<\/strong> begegnet. <strong>Dort beklagt ein Mitglied all die von Hass und Engstirnigkeit triefenden Kommentare zu<\/strong> (wie <strong>wir<\/strong> dieses Wort fr\u00fcher verstanden) <strong>\u201cprogressiven\u201d Themen<\/strong> und bezeichnet dabei <strong>die anderen Teilnehmer<\/strong> als <em><strong>\u201calte S\u00e4cke<\/strong>, <strong>die der Vergangenheit angeh\u00f6ren\u201d<\/strong><\/em>. Darauf <strong>antwortet<\/strong> ein anderer:<\/p>\n<p><em><strong>\u201cWir alten S\u00e4cke sollten die Fahne der Freiheit (ja klingt \u00fcberzogen) hochhalten<\/strong>,<\/em> (sollten) <strong><em>dagegenhalten und nicht abtauchen<\/em><\/strong><em>. <strong>Wer wenn nicht wir<\/strong>. <strong>Prog ist Freiheit und Vielfalt!\u201d<\/strong><\/em><\/p>\n<p>&nbsp;<\/p>\n<p><strong>PS. <a href=\"https:\/\/www.youtube.com\/watch?v=Ebnb_3SQ7l0\" target=\"_blank\" rel=\"noopener\">Ist der Rock&#8217;n&#8217;Roll jetzt tot oder nicht?<\/a><\/strong><\/p>\n<p>&nbsp;<\/p>\n","protected":false},"excerpt":{"rendered":"<p>&gt; Sendung: Artarium vom Sonntag, 20. Juli\u00a0&#8211; Eine erweiternde und vertiefende Fortsetzung unserer ersten Erinnerungssendung \u201cLiving in the Past\u201d, die sich dem gemeinsam erlebten Heranwachsen im Salzburg der 70er Jahre widmete. Diesmal richten wir unsere Aufmerksamkeit auf die uns damals &hellip; <a href=\"https:\/\/blog.radiofabrik.at\/artarium\/2025\/07\/17\/die-fahne-der-freiheit\/\">Weiterlesen <span class=\"meta-nav\">&rarr;<\/span><\/a><\/p>\n","protected":false},"author":5,"featured_media":0,"comment_status":"closed","ping_status":"open","sticky":false,"template":"","format":"standard","meta":{"footnotes":""},"categories":[67,68,1,69,15],"tags":[4005,91,83,84,16284,4006,81,4008,7591,16291],"class_list":["post-26466","post","type-post","status-publish","format-standard","hentry","category-konzept-entwicklung","category-artarium-news","category-uncategorized","category-neue-projekte","category-sendungen","tag-artariumxpander","tag-die-ursache","tag-inteam","tag-kunnst","tag-musik","tag-perlentaucher","tag-review","tag-textase","tag-zeit-geschichte","tag-zeitkapsel"],"aioseo_notices":[],"_links":{"self":[{"href":"https:\/\/blog.radiofabrik.at\/artarium\/wp-json\/wp\/v2\/posts\/26466","targetHints":{"allow":["GET"]}}],"collection":[{"href":"https:\/\/blog.radiofabrik.at\/artarium\/wp-json\/wp\/v2\/posts"}],"about":[{"href":"https:\/\/blog.radiofabrik.at\/artarium\/wp-json\/wp\/v2\/types\/post"}],"author":[{"embeddable":true,"href":"https:\/\/blog.radiofabrik.at\/artarium\/wp-json\/wp\/v2\/users\/5"}],"replies":[{"embeddable":true,"href":"https:\/\/blog.radiofabrik.at\/artarium\/wp-json\/wp\/v2\/comments?post=26466"}],"version-history":[{"count":14,"href":"https:\/\/blog.radiofabrik.at\/artarium\/wp-json\/wp\/v2\/posts\/26466\/revisions"}],"predecessor-version":[{"id":26483,"href":"https:\/\/blog.radiofabrik.at\/artarium\/wp-json\/wp\/v2\/posts\/26466\/revisions\/26483"}],"wp:attachment":[{"href":"https:\/\/blog.radiofabrik.at\/artarium\/wp-json\/wp\/v2\/media?parent=26466"}],"wp:term":[{"taxonomy":"category","embeddable":true,"href":"https:\/\/blog.radiofabrik.at\/artarium\/wp-json\/wp\/v2\/categories?post=26466"},{"taxonomy":"post_tag","embeddable":true,"href":"https:\/\/blog.radiofabrik.at\/artarium\/wp-json\/wp\/v2\/tags?post=26466"}],"curies":[{"name":"wp","href":"https:\/\/api.w.org\/{rel}","templated":true}]}}