{"id":2943,"date":"2011-09-09T20:00:01","date_gmt":"2011-09-09T19:00:01","guid":{"rendered":"http:\/\/blog.radiofabrik.at\/artarium\/?p=2943"},"modified":"2017-07-15T12:22:14","modified_gmt":"2017-07-15T11:22:14","slug":"die-toedliche-doris-das-ganze-erste-album","status":"publish","type":"post","link":"https:\/\/blog.radiofabrik.at\/artarium\/2011\/09\/09\/die-toedliche-doris-das-ganze-erste-album\/","title":{"rendered":"Die t\u00f6dliche Doris &#8211; Das ganze erste Album (30 Jahre Geniale Dilletanten)"},"content":{"rendered":"<p><strong><strong>Podcast\/Download: <a href=\"http:\/\/cba.fro.at\/49566\" target=\"_blank\" rel=\"noopener\">Das Artarium vom 11. September 2011<\/a>.<\/strong><\/strong><\/p>\n<p><strong>Wieder einmal nach langer Zeit eine Solo-Sendung mit <em>Peter.W.<\/em>, ganz ohne <em>Norbert K. Hund<\/em> der dieser Tage 50 geworden ist (Wir gratulieren herzlich!) und <em>Christopher Schmall<\/em> der nicht m\u00fcde wurde diesen Umstand mit seinem Kompanion feierlich zu begie\u00dfen. Wem die beiden nun erholungsbed\u00fcrftigen Edelgruschler fehlen, dem und derjenigen sei nochmal mit Nachdruck die preisverd\u00e4chtige Episode <a href=\"http:\/\/cba.fro.at\/49167\" target=\"_blank\" rel=\"noopener\">Das\u00a0Salzburg Syndrom<\/a>\u00a0ans Herz gelegt<strong>, ebenso der neue <a href=\"..\/..\/nachtfahrt\/\" target=\"_blank\" rel=\"noopener\">Nachtfahrt-Perlentaucher-Blog<\/a><\/strong>&#8230;<\/strong><\/p>\n<p><a href=\"https:\/\/blog.radiofabrik.at\/artarium\/files\/2011\/09\/DTD-Cover.jpeg\"><img loading=\"lazy\" decoding=\"async\" class=\"alignleft size-medium wp-image-2944\" src=\"https:\/\/blog.radiofabrik.at\/artarium\/files\/2011\/09\/DTD-Cover-300x298.jpg\" alt=\"\" width=\"300\" height=\"298\" srcset=\"https:\/\/blog.radiofabrik.at\/artarium\/files\/2011\/09\/DTD-Cover-300x298.jpg 300w, https:\/\/blog.radiofabrik.at\/artarium\/files\/2011\/09\/DTD-Cover-150x150.jpg 150w, https:\/\/blog.radiofabrik.at\/artarium\/files\/2011\/09\/DTD-Cover.jpeg 600w\" sizes=\"auto, (max-width: 300px) 100vw, 300px\" \/><\/a>Am 4. September 1981 fand im Berliner <strong><a href=\"http:\/\/de.wikipedia.org\/wiki\/Tempodrom\">Tempodrom<\/a><\/strong> die legend\u00e4re gro\u00dfe Untergangsshow <strong>Festival Genialer Dilletanten<\/strong> statt. Unter den Musikern und K\u00fcnstlergruppen die dieser Tage die B\u00fchne rockten, waren u.a. sp\u00e4ter bekannter gewordene Vertreter wie die <strong><a href=\"http:\/\/www.youtube.com\/watch?v=Hkrv0Q11tWM\">Einst\u00fcrzenden Neubauten<\/a><\/strong>, <strong><a href=\"http:\/\/de.wikipedia.org\/wiki\/FM_Einheit\">FM Einheit<\/a><\/strong>, <strong><a href=\"http:\/\/de.wikipedia.org\/wiki\/Christiane_Vera_Felscherinow\">Christiane F.<\/a><\/strong> (<em><a href=\"http:\/\/de.wikipedia.org\/wiki\/Wir_Kinder_vom_Bahnhof_Zoo\">Wir Kinder vom Bahnhof Zoo<\/a><\/em>) mit ihrer Band <strong><a href=\"http:\/\/www.youtube.com\/watch?v=2Exp63Lo4QQ\">Sentimentale Jugend<\/a><\/strong>, <strong><a href=\"http:\/\/de.wikipedia.org\/wiki\/WestBam\">Westbam<\/a><\/strong> damals noch als Mitglied von <strong>Kriegsschauplatz Tempodrom<\/strong> und viele mehr. Au\u00dferdem noch <strong><a href=\"http:\/\/de.wikipedia.org\/wiki\/Max_M%C3%BCller_(Musiker)\">Max M\u00fcller<\/a><\/strong>, der sp\u00e4ter die Gruppe <strong><a href=\"http:\/\/de.wikipedia.org\/wiki\/Mutter_(Band)\">Mutter<\/a><\/strong> gr\u00fcnden sollte und sein Bruder <strong><a href=\"http:\/\/de.wikipedia.org\/wiki\/Wolfgang_M%C3%BCller_(K%C3%BCnstler)\">Wolfgang M\u00fcller<\/a><\/strong>, der eine wichtige Rolle in der Entstehung der <strong>Genialen Dilletanten<\/strong> spielte.<\/p>\n<p><strong>Mehr zum Festival und die <em>Genialen Dilletanten<\/em>: <a href=\"http:\/\/de.wikipedia.org\/wiki\/Festival_Genialer_Dilletanten\">Wikipedia<\/a><\/strong>.<\/p>\n<p><strong><a href=\"http:\/\/www.wolfgangmueller.net\/\">Wolfgang M\u00fcller<\/a><\/strong>\u00a0heute Autor, Musiker und Kopf der <strong><a href=\"http:\/\/www.geysir.com\/goethe-foundation\/\">Walther von Goethe Foundation<\/a> <\/strong>in Reykjav\u00edc war zwischen 1980 &#8211; 87\u00a0Gr\u00fcndungsmitglied der experimentellen Gruppe\u00a0<strong><a href=\"http:\/\/www.youtube.com\/watch?v=t4JZrtYXW9E\">Die t\u00f6dliche Doris<\/a><\/strong> (aka. <em>Deadly Doris<\/em>), die international &#8211; auch in den Bereichen\u00a0Kunst,\u00a0Fotografie,\u00a0Filmkunst,\u00a0Video,\u00a0Performance\u00a0und\u00a0Literatur &#8211; aktiv war. Weitere Mitglieder waren zu Beginn <strong><a href=\"http:\/\/de.wikipedia.org\/wiki\/Nikolaus_Uterm%C3%B6hlen\">Nikolaus Uterm\u00f6hlen<\/a><\/strong>,\u00a0<strong>Chris Dreier<\/strong>, <strong><a href=\"http:\/\/de.wikipedia.org\/wiki\/Dagmar_Dimitroff\">Dagmar Dimitroff<\/a><\/strong>, <strong><a href=\"http:\/\/de.wikipedia.org\/wiki\/Elke_Kruse\">K\u00e4the Kruse<\/a><\/strong> und der bereits erw\u00e4hnte Bruder Max, bevor sich die endg\u00fcltige Besetzung um M\u00fcller, Uterm\u00f6hlen, Kruse und <strong><a href=\"http:\/\/de.wikipedia.org\/wiki\/Tabea_Blumenschein\">Tabea Blumenschein<\/a><\/strong> manifestierte.\u00a0Eine ihrer bekanntesten Nummern war <em><a href=\"http:\/\/www.youtube.com\/watch?v=3-X19OeQe4Q\">Tanz im Quadrat<\/a><\/em> das 2001 von <strong><a href=\"http:\/\/de.wikipedia.org\/wiki\/Stereo_Total\">Stereo Total<\/a><\/strong> unter dem Titel <em><a href=\"http:\/\/www.youtube.com\/watch?v=eX3r7LtwMS0\">Wir tanzen im Viereck<\/a><\/em> gecovert wurde.<\/p>\n<p><strong>Mehr zu <em>Wolfgang M\u00fcller<\/em> und <em>Die T\u00f6dlichen Doris<\/em>:<\/strong> <strong><a href=\"http:\/\/de.wikipedia.org\/wiki\/Die_T%C3%B6dliche_Doris\">Wikipedia<\/a><\/strong> &amp; <strong><a href=\"http:\/\/www.youtube.com\/watch?v=HpfgEqvZCe4\">Youtube<\/a><\/strong>.<\/p>\n<p><a href=\"https:\/\/blog.radiofabrik.at\/artarium\/files\/2011\/09\/597px-Kirlianfoto1.jpg\"><img loading=\"lazy\" decoding=\"async\" class=\"alignleft size-thumbnail wp-image-2945\" src=\"https:\/\/blog.radiofabrik.at\/artarium\/files\/2011\/09\/597px-Kirlianfoto1-150x150.jpg\" alt=\"\" width=\"150\" height=\"150\" srcset=\"https:\/\/blog.radiofabrik.at\/artarium\/files\/2011\/09\/597px-Kirlianfoto1-150x150.jpg 150w, https:\/\/blog.radiofabrik.at\/artarium\/files\/2011\/09\/597px-Kirlianfoto1-298x300.jpg 298w, https:\/\/blog.radiofabrik.at\/artarium\/files\/2011\/09\/597px-Kirlianfoto1.jpg 597w\" sizes=\"auto, (max-width: 150px) 100vw, 150px\" \/><\/a>Im Rahmen des 30-j\u00e4hrigen Jubil\u00e4ums der <strong>Genialen Dilletanten<\/strong> pr\u00e4sentiert das <strong>Artarium<\/strong> in seiner Reihe <strong>Das ganze Album<\/strong> die erste Langspielplatte von Doris aus dem Jahr 1982, produziert u.a. von <strong><a href=\"http:\/\/www.youtube.com\/watch?v=p7jF0EalXGE\" target=\"_blank\" rel=\"noopener\">Blixa Bargeld<\/a><\/strong>. Mit freundlicher Unterst\u00fctzung von <strong>Wolfgang M\u00fcller<\/strong> h\u00f6chstselbst, der uns &#8211; und auch euch &#8211; den freien digitalen Zugang zu ihrem akustischen Werk gew\u00e4hrt hat, siehe: <a href=\"http:\/\/www.die-toedliche-doris.de\/mp3\/TD001.mp3\">http:\/\/www.die-toedliche-doris.de\/mp3\/TD001.mp3<\/a> bis <a href=\"http:\/\/www.die-toedliche-doris.de\/mp3\/TD061.mp3\">TD061.mp3<\/a>\u00a0&#8211; oder auch etwas detailierter zusammengefasst bei <a href=\"http:\/\/home.arcor.de\/rattenjule\/doris.htm\" target=\"_blank\" rel=\"noopener\">Rattenjule<\/a>.<\/p>\n<p><strong>Sehr ans Herz legen wollen wir euch auch die B\u00fccher <a href=\"http:\/\/www.amazon.de\/Geniale-Dilletanten-Wolfgang-M\u00fcller\/dp\/3883960217\" target=\"_blank\" rel=\"noopener\">Geniale Dilletanten<\/a>, \u00a0das <a href=\"http:\/\/www.amazon.de\/Feinmotorik-Kompendium-Lexikon-Alltag-Wissenschaft\/dp\/3937755128\/\" target=\"_blank\" rel=\"noopener\">Feinmotorik Kompendium<\/a>\u00a0vom <em><a href=\"http:\/\/de.wikipedia.org\/wiki\/Institut_f\u00fcr_Feinmotorik\" target=\"_blank\" rel=\"noopener\">Institut f\u00fcr Feinmotorik<\/a><\/em> und das neueste, noch in Arbeit befindliche Werk von <em>Wolfgang M\u00fcller<\/em> <a href=\"http:\/\/www.philo-fine-arts.de\/programm\/cat\/vorschau\/buch\/subkultur-west-berlin-1979-1989.html\" target=\"_blank\" rel=\"noopener\">Subkultur West-Berlin 1979\u20131989<\/a>.<\/strong><\/p>\n<p>&nbsp;<\/p>\n","protected":false},"excerpt":{"rendered":"<p>Podcast\/Download: Das Artarium vom 11. September 2011. Wieder einmal nach langer Zeit eine Solo-Sendung mit Peter.W., ganz ohne Norbert K. Hund der dieser Tage 50 geworden ist (Wir gratulieren herzlich!) und Christopher Schmall der nicht m\u00fcde wurde diesen Umstand mit &hellip; <a href=\"https:\/\/blog.radiofabrik.at\/artarium\/2011\/09\/09\/die-toedliche-doris-das-ganze-erste-album\/\">Weiterlesen <span class=\"meta-nav\">&rarr;<\/span><\/a><\/p>\n","protected":false},"author":221,"featured_media":0,"comment_status":"open","ping_status":"open","sticky":false,"template":"","format":"standard","meta":{"footnotes":""},"categories":[68,69,15],"tags":[4009,84,16284,4011,81,7591],"class_list":["post-2943","post","type-post","status-publish","format-standard","hentry","category-artarium-news","category-neue-projekte","category-sendungen","tag-das-ganze-album","tag-kunnst","tag-musik","tag-peter-w","tag-review","tag-zeit-geschichte"],"aioseo_notices":[],"_links":{"self":[{"href":"https:\/\/blog.radiofabrik.at\/artarium\/wp-json\/wp\/v2\/posts\/2943","targetHints":{"allow":["GET"]}}],"collection":[{"href":"https:\/\/blog.radiofabrik.at\/artarium\/wp-json\/wp\/v2\/posts"}],"about":[{"href":"https:\/\/blog.radiofabrik.at\/artarium\/wp-json\/wp\/v2\/types\/post"}],"author":[{"embeddable":true,"href":"https:\/\/blog.radiofabrik.at\/artarium\/wp-json\/wp\/v2\/users\/221"}],"replies":[{"embeddable":true,"href":"https:\/\/blog.radiofabrik.at\/artarium\/wp-json\/wp\/v2\/comments?post=2943"}],"version-history":[{"count":0,"href":"https:\/\/blog.radiofabrik.at\/artarium\/wp-json\/wp\/v2\/posts\/2943\/revisions"}],"wp:attachment":[{"href":"https:\/\/blog.radiofabrik.at\/artarium\/wp-json\/wp\/v2\/media?parent=2943"}],"wp:term":[{"taxonomy":"category","embeddable":true,"href":"https:\/\/blog.radiofabrik.at\/artarium\/wp-json\/wp\/v2\/categories?post=2943"},{"taxonomy":"post_tag","embeddable":true,"href":"https:\/\/blog.radiofabrik.at\/artarium\/wp-json\/wp\/v2\/tags?post=2943"}],"curies":[{"name":"wp","href":"https:\/\/api.w.org\/{rel}","templated":true}]}}