{"id":3732,"date":"2012-03-16T08:41:38","date_gmt":"2012-03-16T07:41:38","guid":{"rendered":"http:\/\/blog.radiofabrik.at\/artarium\/?p=3732"},"modified":"2012-03-19T06:48:12","modified_gmt":"2012-03-19T05:48:12","slug":"too-big-to-fail-es-gibt-freikarten","status":"publish","type":"post","link":"https:\/\/blog.radiofabrik.at\/artarium\/2012\/03\/16\/too-big-to-fail-es-gibt-freikarten\/","title":{"rendered":"TOO BIG TO FAIL (Es gibt Freikarten)"},"content":{"rendered":"<p><strong>Download\/Podcast: <a href=\"http:\/\/cba.fro.at\/56578\">Artarium vom Sonntag, 18. M\u00e4rz<\/a> &#8211; die etwas andere Konzert-Empfehlung: Am Samstag, 24. M\u00e4rz sind nicht nur die <a href=\"http:\/\/www.aeronauten.ch\/\">Aeronauten<\/a> in Salzburg zu h\u00f6ren &#8211; im <a href=\"http:\/\/www.wearesalzburg.com\/24-03-12-die-aeronauten-im-b-lack\/\">b.lack um 21:00 Uhr<\/a> &#8211; sondern ebenfalls die <a href=\"http:\/\/www.restevongestern.de\/\">Reste von Gestern<\/a> &#8211; im <a href=\"http:\/\/www.wearesalzburg.com\/24-03-12-reste-von-gestern-die-bucht-im-denkmal\/\">Denkmal um 21:30 Uhr<\/a> und zwar gemeinsam mit <a href=\"http:\/\/diebucht.moonfruit.com\/\">Die Bucht.<\/a> Nachdem ich mich eh nie gern entscheide, d\u00fcrft ihr das diesmal f\u00fcr mich tun. Und weil ich am n\u00e4mlichen Samstag wohl schon knieoperiert sein werde, k\u00f6nnt ihr auch gern in meiner Vertretung hin gehen. Vielleicht sogar gratis! Aber sch\u00f6n der Reihe nach&#8230;<\/strong><\/p>\n<p><a href=\"https:\/\/blog.radiofabrik.at\/artarium\/files\/2012\/03\/aeropress_01.jpg\"><img loading=\"lazy\" decoding=\"async\" class=\"alignleft size-medium wp-image-3733\" src=\"https:\/\/blog.radiofabrik.at\/artarium\/files\/2012\/03\/aeropress_01-236x300.jpg\" alt=\"\" width=\"236\" height=\"300\" srcset=\"https:\/\/blog.radiofabrik.at\/artarium\/files\/2012\/03\/aeropress_01-236x300.jpg 236w, https:\/\/blog.radiofabrik.at\/artarium\/files\/2012\/03\/aeropress_01-807x1024.jpg 807w\" sizes=\"auto, (max-width: 236px) 100vw, 236px\" \/><\/a><strong>TOO BIG TO FAIL<\/strong> &#8211; Das Doppelalbum der Aeronauten in deren ureigensten Worten: <strong>CD 1 (mit Gesang)<\/strong><em> &#8222;Die Texte sind voll mit abgr\u00fcndigem Humor, gro\u00dfen Bildern, versteckten Zitaten, \u00fcberraschenden Wendungen und pathetischen Versprechungen. 12 St\u00fccke die man als Songs oder auch als Kurzgeschichten h\u00f6ren kann.&#8220;<\/em> <strong>&#8211; CD 2 (Instrumental)<\/strong><em> &#8222;Eine cineastische Reise zu unfl\u00e4tigen Kleinstadtkriminellen, grantigen Inselbewohnern, ins Land der toten Esel, durchs warme Weltall in die schweizerische Provinz und zu den Gl\u00fccklichen, die alle Probleme f\u00fcr ihre L\u00f6sung gefunden haben.&#8220;<\/em><\/p>\n<p><strong>Weitere Stationen in \u00d6sterreich<\/strong> erstmal nur am <strong>Freitag, 23. M\u00e4rz in Linz, Stadtwerkstatt um 20:30 Uhr<\/strong> sowie am <strong>Sonntag, 25. M\u00e4rz in Wien, Chelsea ebenfalls um 20:30 Uhr.<\/strong><\/p>\n<p>Ein drittes Zitat ist uns dann auch noch untergekommen, und zwar auf einer speziellen <a href=\"http:\/\/fm4.orf.at\/soundpark\/d\/diebucht\/main\">FM4 Soudpark Seite (Die Bucht):<\/a><em><strong> &#8222;Wir sehen in den Fluss und denken ans Meer!&#8220;<\/strong> sang einmal Guz von den Aeronauten. Und ja, in Salzburg ist das nicht anders! Der Fluss hei\u00dft Salzach und an warmen Tagen sitzen die Leute an seinem Ufer und manche von ihnen machen Musik. Wir sitzen nicht so oft am Ufer, aber wir kennen das Ph\u00e4nomen! WIR treiben uns lieber <strong>in der Bucht<\/strong> herum und fabrizieren <strong>Musik, wie sie f\u00fcr Salzburger Verh\u00e4ltnisse nicht untypischer sein kann.<\/strong><\/em><\/p>\n<p><a href=\"https:\/\/blog.radiofabrik.at\/artarium\/files\/2012\/03\/peterw_diebucht.jpg\"><img loading=\"lazy\" decoding=\"async\" class=\"alignleft size-medium wp-image-3747\" src=\"https:\/\/blog.radiofabrik.at\/artarium\/files\/2012\/03\/peterw_diebucht-300x200.jpg\" alt=\"\" width=\"300\" height=\"200\" srcset=\"https:\/\/blog.radiofabrik.at\/artarium\/files\/2012\/03\/peterw_diebucht-300x200.jpg 300w, https:\/\/blog.radiofabrik.at\/artarium\/files\/2012\/03\/peterw_diebucht.jpg 896w\" sizes=\"auto, (max-width: 300px) 100vw, 300px\" \/><\/a>Hier schlie\u00dfen sich also die Kreise! Wir unterhalten uns mit\u00a0 <strong>Studiogast Peter.W.<\/strong> \u00fcber das Untypische an sich und h\u00f6ren dabei etwas Musik von den drei zeitgleich auftretenden Bands. Ihnen allen sind ja offenbar deutschsprachige <strong>Texte mit literarischem Niveau<\/strong> gemeinsam. Das interessiert uns jetzt pers\u00f6nlich, besonders im Hinblick auf die <strong>Malmsheimer&#8217;sche These,<\/strong> dass jeder Text dem Vortragenden aus sich selbst heraus nahe legt, wie er interpretiert werden m\u00f6chte. Inwieweit braucht es also f\u00fcr die <strong>musikalische Darbietung von Literatur<\/strong> \u00fcberhaupt die Songstruktur, die Melodie, die &#8222;Gesangsline&#8220;? Oder k\u00f6nnte man <strong>das weite Land zwischen Performancekunst und Spoken-Word<\/strong> nicht noch vielf\u00e4ltiger ausgestalten, ohne in die <strong>Gewohnheitsform von Lied oder Lesung<\/strong> zu verfallen? Wom\u00f6glich kann uns ja PeterLicht hier mit einer Fragestellung antworten: <a href=\"http:\/\/www.youtube.com\/watch?v=e33ZZOQpTEg\"><strong>&#8222;Sag mir, wo ich beginnen soll&#8220;<\/strong><\/a> &#8211; Also wie immer &#8211; <strong>ein offenes Ende&#8230;<\/strong><\/p>\n<p>Und &#8211; <a href=\"http:\/\/www.youtube.com\/watch?v=1EBldFJbEac&amp;feature=related\"><strong>T\u00c4TAR\u00c4T\u00c4\u00c4\u00c4<\/strong><\/a> &#8211; ihr k\u00f6nnt unsere <strong>G\u00e4stekarten f\u00fcr die Aeronauten<\/strong> (Samstag, 24. M\u00e4rz, 21:00 Uhr im b.lack) <strong>bekommen<\/strong> (weil ich ja nicht gehen kann und der Peter selbst mit der Bucht im Denkmal auftritt). Nat\u00fcrlich gibt es dann ebenso f\u00fcr <strong>Die Bucht und Reste von Gestern<\/strong> (Samstag, 24. M\u00e4rz, 21:30 im Denkmal) <strong>2 Freikarten<\/strong> von uns! Entweder <strong>ihr ruft also spontan<\/strong> w\u00e4hrend der Sendung <strong><a href=\"http:\/\/radiofabrik.at\/aboutus\/kontakt.html\">im Studio<\/a> an<\/strong> oder <strong>ihr schickt uns eine E-mail<\/strong> an die <a href=\"http:\/\/radiofabrik.at\/programm0\/sendungenvona-z\/artarium.html\"><strong>Artarium-Kontaktadresse.<\/strong><\/a> <strong>Viel Vergn\u00fcgen!<\/strong><\/p>\n","protected":false},"excerpt":{"rendered":"<p>Download\/Podcast: Artarium vom Sonntag, 18. M\u00e4rz &#8211; die etwas andere Konzert-Empfehlung: Am Samstag, 24. M\u00e4rz sind nicht nur die Aeronauten in Salzburg zu h\u00f6ren &#8211; im b.lack um 21:00 Uhr &#8211; sondern ebenfalls die Reste von Gestern &#8211; im Denkmal &hellip; <a href=\"https:\/\/blog.radiofabrik.at\/artarium\/2012\/03\/16\/too-big-to-fail-es-gibt-freikarten\/\">Weiterlesen <span class=\"meta-nav\">&rarr;<\/span><\/a><\/p>\n","protected":false},"author":5,"featured_media":0,"comment_status":"open","ping_status":"open","sticky":false,"template":"","format":"standard","meta":{"footnotes":""},"categories":[68,15],"tags":[83,16284,4011,81],"class_list":["post-3732","post","type-post","status-publish","format-standard","hentry","category-artarium-news","category-sendungen","tag-inteam","tag-musik","tag-peter-w","tag-review"],"aioseo_notices":[],"_links":{"self":[{"href":"https:\/\/blog.radiofabrik.at\/artarium\/wp-json\/wp\/v2\/posts\/3732","targetHints":{"allow":["GET"]}}],"collection":[{"href":"https:\/\/blog.radiofabrik.at\/artarium\/wp-json\/wp\/v2\/posts"}],"about":[{"href":"https:\/\/blog.radiofabrik.at\/artarium\/wp-json\/wp\/v2\/types\/post"}],"author":[{"embeddable":true,"href":"https:\/\/blog.radiofabrik.at\/artarium\/wp-json\/wp\/v2\/users\/5"}],"replies":[{"embeddable":true,"href":"https:\/\/blog.radiofabrik.at\/artarium\/wp-json\/wp\/v2\/comments?post=3732"}],"version-history":[{"count":0,"href":"https:\/\/blog.radiofabrik.at\/artarium\/wp-json\/wp\/v2\/posts\/3732\/revisions"}],"wp:attachment":[{"href":"https:\/\/blog.radiofabrik.at\/artarium\/wp-json\/wp\/v2\/media?parent=3732"}],"wp:term":[{"taxonomy":"category","embeddable":true,"href":"https:\/\/blog.radiofabrik.at\/artarium\/wp-json\/wp\/v2\/categories?post=3732"},{"taxonomy":"post_tag","embeddable":true,"href":"https:\/\/blog.radiofabrik.at\/artarium\/wp-json\/wp\/v2\/tags?post=3732"}],"curies":[{"name":"wp","href":"https:\/\/api.w.org\/{rel}","templated":true}]}}