{"id":210,"date":"2020-09-01T14:01:15","date_gmt":"2020-09-01T14:01:15","guid":{"rendered":"https:\/\/blog.radiofabrik.at\/aussigschaut\/?p=210"},"modified":"2020-09-01T14:02:12","modified_gmt":"2020-09-01T14:02:12","slug":"aussi-gschaut-zum-landluft-sonderpreis-2021-boden-gscheit-nutzen-nominiert","status":"publish","type":"post","link":"https:\/\/blog.radiofabrik.at\/aussigschaut\/2020\/09\/01\/aussi-gschaut-zum-landluft-sonderpreis-2021-boden-gscheit-nutzen-nominiert\/","title":{"rendered":"Au\u00dfi g&#8217;schaut zum LandLuft Sonderpreis 2021 \u201cBoden g\u2019scheit nutzen\u201d nominiert!"},"content":{"rendered":"<p>Unter 68 Einreichungen hat es die Sendung &#8222;Au\u00dfi g&#8217;schaut &#8211; Landschaft quer gedacht&#8220; nach einer Vorjurierung unter die 28 Nominierungen f\u00fcr den Sonderpreis 2021 \u201cBoden g\u2019scheit nutzen\u201d geschafft! Dieser wird, neben dem &#8222;Baukulturgemeinde-Preis 2021&#8220;, vom Verein LandLuft sowohl f\u00fcr das Engagement von Privatpersonen, Vereinen und Initiativen als auch Studierendenarbeiten, Beitr\u00e4ge mit architektonischem Fokus aber auch \u00fcberregionale Konzepte uvm. und deren Engagement zum Thema \u201eBoden g\u2019scheit nutzen\u201c verliehen.<\/p>\n<p>Das \u00f6ffentliche Juryhearing wird am 16.10.2020 in Waidhofen\/ Ybbs stattfinden. Die Preisverleihung zum LandLuft Baukulturgemeinde-Preis und zum Sonderpreis f\u00fcr au\u00dfergew\u00f6hnliches Engagement, die Er\u00f6ffnung der Wanderausstellung sowie die\u00a0 Pr\u00e4sentation der Publikation erfolgen dann am 23.9.2021 in Wien.<\/p>\n<p>Weitere Informationen unter <a href=\"http:\/\/www.landluft.at\/?page_id=5441\">http:\/\/www.landluft.at\/?page_id=5441<\/a><\/p>\n","protected":false},"excerpt":{"rendered":"<p>Unter 68 Einreichungen hat es die Sendung &#8222;Au\u00dfi g&#8217;schaut &#8211; Landschaft quer gedacht&#8220; nach einer Vorjurierung unter die 28 Nominierungen f\u00fcr den Sonderpreis 2021 \u201cBoden g\u2019scheit nutzen\u201d geschafft! Dieser wird, neben dem &#8222;Baukulturgemeinde-Preis 2021&#8220;, vom Verein LandLuft sowohl f\u00fcr das &hellip; <a href=\"https:\/\/blog.radiofabrik.at\/aussigschaut\/2020\/09\/01\/aussi-gschaut-zum-landluft-sonderpreis-2021-boden-gscheit-nutzen-nominiert\/\">Weiterlesen <span class=\"meta-nav\">&rarr;<\/span><\/a><\/p>\n","protected":false},"author":746,"featured_media":0,"comment_status":"open","ping_status":"open","sticky":false,"template":"","format":"gallery","meta":{"footnotes":""},"categories":[1],"tags":[],"class_list":["post-210","post","type-post","status-publish","format-gallery","hentry","category-uncategorized","post_format-post-format-gallery"],"_links":{"self":[{"href":"https:\/\/blog.radiofabrik.at\/aussigschaut\/wp-json\/wp\/v2\/posts\/210","targetHints":{"allow":["GET"]}}],"collection":[{"href":"https:\/\/blog.radiofabrik.at\/aussigschaut\/wp-json\/wp\/v2\/posts"}],"about":[{"href":"https:\/\/blog.radiofabrik.at\/aussigschaut\/wp-json\/wp\/v2\/types\/post"}],"author":[{"embeddable":true,"href":"https:\/\/blog.radiofabrik.at\/aussigschaut\/wp-json\/wp\/v2\/users\/746"}],"replies":[{"embeddable":true,"href":"https:\/\/blog.radiofabrik.at\/aussigschaut\/wp-json\/wp\/v2\/comments?post=210"}],"version-history":[{"count":2,"href":"https:\/\/blog.radiofabrik.at\/aussigschaut\/wp-json\/wp\/v2\/posts\/210\/revisions"}],"predecessor-version":[{"id":212,"href":"https:\/\/blog.radiofabrik.at\/aussigschaut\/wp-json\/wp\/v2\/posts\/210\/revisions\/212"}],"wp:attachment":[{"href":"https:\/\/blog.radiofabrik.at\/aussigschaut\/wp-json\/wp\/v2\/media?parent=210"}],"wp:term":[{"taxonomy":"category","embeddable":true,"href":"https:\/\/blog.radiofabrik.at\/aussigschaut\/wp-json\/wp\/v2\/categories?post=210"},{"taxonomy":"post_tag","embeddable":true,"href":"https:\/\/blog.radiofabrik.at\/aussigschaut\/wp-json\/wp\/v2\/tags?post=210"}],"curies":[{"name":"wp","href":"https:\/\/api.w.org\/{rel}","templated":true}]}}