{"id":90,"date":"2019-09-17T13:47:19","date_gmt":"2019-09-17T13:47:19","guid":{"rendered":"https:\/\/blog.radiofabrik.at\/aussigschaut\/?p=90"},"modified":"2019-09-17T14:07:57","modified_gmt":"2019-09-17T14:07:57","slug":"kernaussagen-der-1-folge-zur-diskussion-gestellt","status":"publish","type":"post","link":"https:\/\/blog.radiofabrik.at\/aussigschaut\/2019\/09\/17\/kernaussagen-der-1-folge-zur-diskussion-gestellt\/","title":{"rendered":"Folge 1 &#8222;Landschaft als Ressource&#8220; zur Diskussion gestellt"},"content":{"rendered":"<p><strong>Kernaussagen der 1. Folge:<\/strong><\/p>\n<p>\u2013 Landschaft bietet Siedlungs-, Writschafts- und Erholungsraum f\u00fcr Menschen aber auch Lebensraum f\u00fcr die Tier- und Pflanzenwelt.<\/p>\n<p>\u2013 Es werden unterschiedliche Nutzungsanspr\u00fcche an den Raum gestellt. Diese gilt es so gut wie m\u00f6glich zu verkn\u00fcpfen und Ausgleiche zwischen diesen Interessen zu schaffen.<\/p>\n<p>\u2013 Unsere Nutzungsanspr\u00fcche steigen, auch pro Kopf. Daher m\u00fcssen Nutzungen optimiert werden (z.B. kurze Wege, Wohnfl\u00e4che, weniger Ressourcenverbrauch).<\/p>\n<p>\u2013 Fl\u00e4chen m\u00fcssen multifunktional genutzt werden ohne Funktionen zu verlieren. Weniger Ressourcen- oder Fl\u00e4chenverbrauch bedeutet nicht gleichzeitig die Verringerung von Entwicklungsm\u00f6glichkeiten oder Nutzungsfreiheiten.<\/p>\n<p>\u2013 Baulandmobilisierungen k\u00f6nnen ein hilfreiches Instrument sein, um den Bauland\u00fcberhang entgegen zu wirken.<\/p>\n<p>\u2013 Auch die Politik ist gefordert neue Wege einzuschlagen. Aber auch wir B\u00fcrgerInnen m\u00fcssen uns in unserem Tun hinterfragen und aktiv werden, um unsere Landschaft zu erhalten.<\/p>\n<p>\u2013 Manko bei den bestehenden Instrumenten der Raumordnung ist, dass Entwicklungsperspektiven und Zielvorstellungen was den Freiraum betrifft fehlen, v.a. auf regionaler Ebene.<\/p>\n<p>\u2013 Das Sparen von Ressourcen oder Grund und Boden hat wenig mit Verzicht zu tun sondern sehr viel mit Gewinn an Gemeinschaft, Freifl\u00e4chen und Chancen f\u00fcr die Zukunft, die wir uns dadurch offen halten.<\/p>\n<p>Wie denkst du dar\u00fcber?<\/p>\n","protected":false},"excerpt":{"rendered":"<p>Kernaussagen der 1. Folge: \u2013 Landschaft bietet Siedlungs-, Writschafts- und Erholungsraum f\u00fcr Menschen aber auch Lebensraum f\u00fcr die Tier- und Pflanzenwelt. \u2013 Es werden unterschiedliche Nutzungsanspr\u00fcche an den Raum gestellt. Diese gilt es so gut wie m\u00f6glich zu verkn\u00fcpfen und &hellip; <a href=\"https:\/\/blog.radiofabrik.at\/aussigschaut\/2019\/09\/17\/kernaussagen-der-1-folge-zur-diskussion-gestellt\/\">Weiterlesen <span class=\"meta-nav\">&rarr;<\/span><\/a><\/p>\n","protected":false},"author":746,"featured_media":0,"comment_status":"open","ping_status":"open","sticky":false,"template":"","format":"gallery","meta":{"footnotes":""},"categories":[1],"tags":[86822,87096],"class_list":["post-90","post","type-post","status-publish","format-gallery","hentry","category-uncategorized","tag-landschaft","tag-wahrnehmung","post_format-post-format-gallery"],"_links":{"self":[{"href":"https:\/\/blog.radiofabrik.at\/aussigschaut\/wp-json\/wp\/v2\/posts\/90","targetHints":{"allow":["GET"]}}],"collection":[{"href":"https:\/\/blog.radiofabrik.at\/aussigschaut\/wp-json\/wp\/v2\/posts"}],"about":[{"href":"https:\/\/blog.radiofabrik.at\/aussigschaut\/wp-json\/wp\/v2\/types\/post"}],"author":[{"embeddable":true,"href":"https:\/\/blog.radiofabrik.at\/aussigschaut\/wp-json\/wp\/v2\/users\/746"}],"replies":[{"embeddable":true,"href":"https:\/\/blog.radiofabrik.at\/aussigschaut\/wp-json\/wp\/v2\/comments?post=90"}],"version-history":[{"count":6,"href":"https:\/\/blog.radiofabrik.at\/aussigschaut\/wp-json\/wp\/v2\/posts\/90\/revisions"}],"predecessor-version":[{"id":103,"href":"https:\/\/blog.radiofabrik.at\/aussigschaut\/wp-json\/wp\/v2\/posts\/90\/revisions\/103"}],"wp:attachment":[{"href":"https:\/\/blog.radiofabrik.at\/aussigschaut\/wp-json\/wp\/v2\/media?parent=90"}],"wp:term":[{"taxonomy":"category","embeddable":true,"href":"https:\/\/blog.radiofabrik.at\/aussigschaut\/wp-json\/wp\/v2\/categories?post=90"},{"taxonomy":"post_tag","embeddable":true,"href":"https:\/\/blog.radiofabrik.at\/aussigschaut\/wp-json\/wp\/v2\/tags?post=90"}],"curies":[{"name":"wp","href":"https:\/\/api.w.org\/{rel}","templated":true}]}}