{"id":1245,"date":"2011-12-05T03:03:33","date_gmt":"2011-12-05T02:03:33","guid":{"rendered":"http:\/\/blog.radiofabrik.at\/battleandhum\/?p=1245"},"modified":"2011-12-05T03:42:14","modified_gmt":"2011-12-05T02:42:14","slug":"battlehum-die-grune-stunde-0-7-adventsingen","status":"publish","type":"post","link":"https:\/\/blog.radiofabrik.at\/battleandhum\/2011\/12\/05\/battlehum-die-grune-stunde-0-7-adventsingen\/","title":{"rendered":"BattleHum: Die gr\u00fcne Stunde 0.7 (Adventsingen)"},"content":{"rendered":"<p><strong>Liebe Eselinnen und Ochsen mein <a href=\"https:\/\/blog.radiofabrik.at\/battleandhum\/2011\/12\/02\/die-grune-stunde-in-battlehum\/\" target=\"_blank\">Adventsingen<\/a> (Sa 03.12.11) ist beendet und im <a href=\"http:\/\/cba.fro.at\/\" target=\"_blank\">Kasten<\/a>, es steht <a href=\"http:\/\/cba.fro.at\/52764\" target=\"_blank\">dort<\/a> zum and\u00e4chtigen Runterjodeln bereit!<\/strong><\/p>\n<p>MC Tannenbaum, MC Tannenbaum wie gr\u00fcn sind deine Battler, du gr\u00fcnst nicht nur zur Sommerszeit&#8230;&#8230;&#8230;<\/p>\n<p>The Playlist:<\/p>\n<p><strong><span style=\"text-decoration: underline\">MC&#8217;s Adventstrack:<\/span> feat. Klaus Kinski, Einst\u00fcrzende Neubauten, George W. Bush, Wiener S\u00e4ngerknaben und MC Wuh, ach ja, und die Glocken der Maria Zeller Basilika!<\/strong><\/p>\n<ul>\n<li>The Jon Spencer Blues Explosion (Jukebox Explosion\/Rockin&#8216; Mid 90&#8217;s Punkers) &#8211; <em>push some air<\/em><\/li>\n<\/ul>\n<ul>\n<li>Otto Lechner und Klaus Trabitsch (Weihnachtslieder) &#8211; <em>still<\/em><\/li>\n<\/ul>\n<ul>\n<li>David Lynch (Crazy Clown Time) &#8211; <em>noah&#8217;s ark<\/em><\/li>\n<\/ul>\n<ul>\n<li>Bob Dylan (Christmas in the Heart) &#8211; <em>must be santa<\/em><\/li>\n<\/ul>\n<ul>\n<li>Soap&amp;Skin (Lovetune for vacuum) &#8211; <em>DDMMYYYY<\/em><\/li>\n<\/ul>\n<ul>\n<li>Alpha Blondy and the Wailers (Jerusalem) &#8211; <em>jerusalem<\/em><\/li>\n<\/ul>\n<ul>\n<li>Eric Burdon and War (The Black-Man&#8217;s Burdon) &#8211; <em>beautiful new born child<\/em><\/li>\n<\/ul>\n<p>Rausschmeichler: The Pogues (Live at the Briixton Acadamy) &#8211; <em>fairytale of new york<\/em><\/p>\n<p>Wer immer noch nicht genug vom etwas anderen Advent hat soll bitte am kommenden Freitag (09.12.11 von 22:00-02:00 Uhr) bei den lieben Kollegen <a href=\"https:\/\/blog.radiofabrik.at\/nachtfahrt\/\" target=\"_blank\">Nachtfahrt Perlentaucher<\/a> reinh\u00f6ren und vier besinnliche Stunden mitjodeln!<\/p>\n<div id=\"attachment_1252\" style=\"width: 310px\" class=\"wp-caption aligncenter\"><a href=\"https:\/\/blog.radiofabrik.at\/battleandhum\/files\/2011\/12\/Engel-1.jpg\"><img loading=\"lazy\" decoding=\"async\" aria-describedby=\"caption-attachment-1252\" class=\"size-medium wp-image-1252 \" src=\"https:\/\/blog.radiofabrik.at\/battleandhum\/files\/2011\/12\/Engel-1-300x225.jpg\" alt=\"\" width=\"300\" height=\"225\" srcset=\"https:\/\/blog.radiofabrik.at\/battleandhum\/files\/2011\/12\/Engel-1-300x225.jpg 300w, https:\/\/blog.radiofabrik.at\/battleandhum\/files\/2011\/12\/Engel-1-1024x768.jpg 1024w, https:\/\/blog.radiofabrik.at\/battleandhum\/files\/2011\/12\/Engel-1.jpg 2048w\" sizes=\"auto, (max-width: 300px) 100vw, 300px\" \/><\/a><p id=\"caption-attachment-1252\" class=\"wp-caption-text\">F\u00fcrchtet euch nicht!<\/p><\/div>\n<p>&nbsp;<\/p>\n","protected":false},"excerpt":{"rendered":"<p>Liebe Eselinnen und Ochsen mein Adventsingen (Sa 03.12.11) ist beendet und im Kasten, es steht dort zum and\u00e4chtigen Runterjodeln bereit! MC Tannenbaum, MC Tannenbaum wie gr\u00fcn sind deine Battler, du gr\u00fcnst nicht nur zur Sommerszeit&#8230;&#8230;&#8230; The Playlist: MC&#8217;s Adventstrack: feat. &hellip; <a href=\"https:\/\/blog.radiofabrik.at\/battleandhum\/2011\/12\/05\/battlehum-die-grune-stunde-0-7-adventsingen\/\">Weiterlesen <span class=\"meta-nav\">&rarr;<\/span><\/a><\/p>\n","protected":false},"author":64,"featured_media":0,"comment_status":"open","ping_status":"open","sticky":false,"template":"","format":"standard","meta":{"footnotes":""},"categories":[2031],"tags":[],"class_list":["post-1245","post","type-post","status-publish","format-standard","hentry","category-die-grune-stunde"],"_links":{"self":[{"href":"https:\/\/blog.radiofabrik.at\/battleandhum\/wp-json\/wp\/v2\/posts\/1245","targetHints":{"allow":["GET"]}}],"collection":[{"href":"https:\/\/blog.radiofabrik.at\/battleandhum\/wp-json\/wp\/v2\/posts"}],"about":[{"href":"https:\/\/blog.radiofabrik.at\/battleandhum\/wp-json\/wp\/v2\/types\/post"}],"author":[{"embeddable":true,"href":"https:\/\/blog.radiofabrik.at\/battleandhum\/wp-json\/wp\/v2\/users\/64"}],"replies":[{"embeddable":true,"href":"https:\/\/blog.radiofabrik.at\/battleandhum\/wp-json\/wp\/v2\/comments?post=1245"}],"version-history":[{"count":11,"href":"https:\/\/blog.radiofabrik.at\/battleandhum\/wp-json\/wp\/v2\/posts\/1245\/revisions"}],"predecessor-version":[{"id":1247,"href":"https:\/\/blog.radiofabrik.at\/battleandhum\/wp-json\/wp\/v2\/posts\/1245\/revisions\/1247"}],"wp:attachment":[{"href":"https:\/\/blog.radiofabrik.at\/battleandhum\/wp-json\/wp\/v2\/media?parent=1245"}],"wp:term":[{"taxonomy":"category","embeddable":true,"href":"https:\/\/blog.radiofabrik.at\/battleandhum\/wp-json\/wp\/v2\/categories?post=1245"},{"taxonomy":"post_tag","embeddable":true,"href":"https:\/\/blog.radiofabrik.at\/battleandhum\/wp-json\/wp\/v2\/tags?post=1245"}],"curies":[{"name":"wp","href":"https:\/\/api.w.org\/{rel}","templated":true}]}}