{"id":131,"date":"2011-06-15T08:45:05","date_gmt":"2011-06-15T08:45:05","guid":{"rendered":"http:\/\/blog.radiofabrik.at\/elena\/?p=131"},"modified":"2011-06-15T08:46:47","modified_gmt":"2011-06-15T08:46:47","slug":"le-bric-a-brac-dui-mois-de-juin","status":"publish","type":"post","link":"https:\/\/blog.radiofabrik.at\/elena\/2011\/06\/15\/le-bric-a-brac-dui-mois-de-juin\/","title":{"rendered":"Le bric-\u00e0-brac du mois de juin"},"content":{"rendered":"<div>\n<div>\n<p><strong>Ecoutez le bric-\u00e0-brac du mois de juin <a href=\"http:\/\/cba.fro.at\/47046\">ici<\/a> !<\/strong><\/p>\n<p><strong>Le livre :<\/strong><\/p>\n<p>Brina Svit.<em> Coco Dias ou la Porte Dor\u00e9e<\/em>.\u00a0 2007<\/p>\n<p><strong>Le film : <\/strong><br \/>\nLa graine et le mulet. Abdellatif Kechiche. 2007<\/p>\n<p><strong>Le portrait: <\/strong><br \/>\nC\u00e9cile, assistante de fran\u00e7ais \u00e0 Salzbourg<\/p>\n<p><strong>L\u2019article :<\/strong><br \/>\n\u201cRester group\u00e9s?\u201c, Marl\u00e8ne Duretz, Le Monde du 26 mai 2011<\/p>\n<p><strong>L\u2019agenda :<\/strong><br \/>\nSalzbourg<\/p>\n<p>-Das Kino<br \/>\nLE NOM DES GENS  -DER NAME DER LEUTE \u2013 Michel Leclerc \u2013 2009<\/p>\n<p>LES PETITS RUISSEAUX -DAS LEBEN AN DER ANGEL &#8211; Pascal Rabat\u00e9 &#8211; 2010<\/p>\n<p>L&#8217;ITALIEN &#8211; FASTEN AUF ITALIENISCH &#8211; Olivier Baroux &#8211; 2010<\/p>\n<p>&#8211; Alberto Giacometti. <strong>Museum der Moderne<\/strong>, Salzburg jusqu&#8217;au 3 juillet 2011<\/p>\n<p>&#8211; Cultures franophones organise une <strong>f\u00eate de la musique<\/strong> le 18 juin, \u00e0 15h.  Une Apr\u00e8s-midi conviviale avec d\u00e9gustation de vin \u00e0 Billrothstra\u00dfe 10.<\/p>\n<p>Paris<\/p>\n<p>&#8211; 21 juin 2011 : La f\u00eate de la musique (30e \u00e9dition)<\/p>\n<p>-&#8222;L&#8217;HISTOIRE DU DINDON &#8220; d&#8217;apr\u00e8s le Dindon de Georges Feydeau, \u00e0 la CARTOUCHERIE DE VINCENNES, plus d&#8217;infos : <a href=\"http:\/\/www.guepard-echappee.com\/\">www.guepard-echappee.com<\/a><\/p>\n<p><strong>Le reportage :<\/strong><\/p>\n<p><span style=\"color: #000000\">Flamenca. Danser ou faire l&#8217;amour Par  L\u00e9a Minot, Production : ARTE Radio.com<\/span><\/p>\n<p><strong>Les mots :<\/strong><\/p>\n<p>S\u00e9lection des mots entr\u00e9s pendant les derni\u00e8res decennies dans le Petit Larousse, qui sont des interessants r\u00e9v\u00e9lateurs du changement social.<\/p>\n<p><strong>Programmation musicale :<\/strong><br \/>\n1. Deux Pieds\u2013 Thomas Fersen<br \/>\n2. Les mots d&#8217;amour \u2013 Debout sur le zinc<br \/>\n3. O\u00f9 je vais \u2013 La Rue K\u00e9tanou<br \/>\n4. Darwin avait raison \u2013 F\u00e9loche<br \/>\n5. A bout d&#8217;souffle \u2013 Les hurlements d&#8217;L\u00e9o<br \/>\n6. L\u00e9o \u2013 Les VRP<\/p>\n<\/div>\n<\/div>\n","protected":false},"excerpt":{"rendered":"<p>Ecoutez le bric-\u00e0-brac du mois de juin ici ! Le livre : Brina Svit. Coco Dias ou la Porte Dor\u00e9e.\u00a0 2007 Le film : La graine et le mulet. Abdellatif Kechiche. 2007 Le portrait: C\u00e9cile, assistante de fran\u00e7ais \u00e0 Salzbourg &hellip; <a href=\"https:\/\/blog.radiofabrik.at\/elena\/2011\/06\/15\/le-bric-a-brac-dui-mois-de-juin\/\">Weiterlesen <span class=\"meta-nav\">&rarr;<\/span><\/a><\/p>\n","protected":false},"author":207,"featured_media":0,"comment_status":"open","ping_status":"open","sticky":false,"template":"","format":"standard","meta":{"footnotes":""},"categories":[5026,5027,5025,5032,2660,1],"tags":[],"class_list":["post-131","post","type-post","status-publish","format-standard","hentry","category-frankreich","category-franzosich","category-kultur","category-paris","category-salzburg","category-uncategorized"],"_links":{"self":[{"href":"https:\/\/blog.radiofabrik.at\/elena\/wp-json\/wp\/v2\/posts\/131","targetHints":{"allow":["GET"]}}],"collection":[{"href":"https:\/\/blog.radiofabrik.at\/elena\/wp-json\/wp\/v2\/posts"}],"about":[{"href":"https:\/\/blog.radiofabrik.at\/elena\/wp-json\/wp\/v2\/types\/post"}],"author":[{"embeddable":true,"href":"https:\/\/blog.radiofabrik.at\/elena\/wp-json\/wp\/v2\/users\/207"}],"replies":[{"embeddable":true,"href":"https:\/\/blog.radiofabrik.at\/elena\/wp-json\/wp\/v2\/comments?post=131"}],"version-history":[{"count":8,"href":"https:\/\/blog.radiofabrik.at\/elena\/wp-json\/wp\/v2\/posts\/131\/revisions"}],"predecessor-version":[{"id":139,"href":"https:\/\/blog.radiofabrik.at\/elena\/wp-json\/wp\/v2\/posts\/131\/revisions\/139"}],"wp:attachment":[{"href":"https:\/\/blog.radiofabrik.at\/elena\/wp-json\/wp\/v2\/media?parent=131"}],"wp:term":[{"taxonomy":"category","embeddable":true,"href":"https:\/\/blog.radiofabrik.at\/elena\/wp-json\/wp\/v2\/categories?post=131"},{"taxonomy":"post_tag","embeddable":true,"href":"https:\/\/blog.radiofabrik.at\/elena\/wp-json\/wp\/v2\/tags?post=131"}],"curies":[{"name":"wp","href":"https:\/\/api.w.org\/{rel}","templated":true}]}}