{"id":260,"date":"2009-06-10T11:06:19","date_gmt":"2009-06-10T10:06:19","guid":{"rendered":"http:\/\/www.hoermahnmal.eu\/?p=260"},"modified":"2009-06-10T11:06:19","modified_gmt":"2009-06-10T10:06:19","slug":"erinnern-ist-arbeit-uber-das-gedenken-an-sinti-und-roma-die-dem-nazi-terror-zum-opfer-fielen","status":"publish","type":"post","link":"https:\/\/blog.radiofabrik.at\/hoermahnmal\/2009\/06\/10\/erinnern-ist-arbeit-uber-das-gedenken-an-sinti-und-roma-die-dem-nazi-terror-zum-opfer-fielen\/","title":{"rendered":"Erinnern ist Arbeit. \u00dcber das Gedenken an Sinti und Roma, die dem Nazi-Terror zum Opfer fielen"},"content":{"rendered":"<p>Hat \u00d6sterreich aus seiner Geschichte gelernt? Wie steht \u00d6sterreich zu seiner Mitverantwortung am Holocaust? Entwicklungen auf lokaler Ebene sind hier ein guter Indikator f\u00fcr die Stimmung im Lande. So war Erinnerungsarbeit f\u00fcr die Roma und Sinti, die von Salzburg aus in die KZs deportiert wurden, im Salzburger Gemeinderat noch in den 1980er Jahren ein Reizthema. Heute l\u00e4sst zumindest das offizielle Salzburg keinerlei Zweifel daran aufkommen, dass es zu seiner geschichtlichen Verantwortung steht. Was dieses Umdenken in den vergangenen 20 Jahren bewirkt hat und welche Formen der Erinnerungsarbeit von engagierten Schulen und Nicht-Regierungsorganisationen gleistet werden, das erfahren wir in der folgenden von Georg Wimmer gestalteten Sendung.<\/p>\n","protected":false},"excerpt":{"rendered":"<p>Hat \u00d6sterreich aus seiner Geschichte gelernt? Wie steht \u00d6sterreich zu seiner Mitverantwortung am Holocaust? Entwicklungen auf lokaler Ebene sind hier ein guter Indikator f\u00fcr die Stimmung im Lande. So war Erinnerungsarbeit f\u00fcr die Roma und Sinti, die von Salzburg aus &hellip; <a href=\"https:\/\/blog.radiofabrik.at\/hoermahnmal\/2009\/06\/10\/erinnern-ist-arbeit-uber-das-gedenken-an-sinti-und-roma-die-dem-nazi-terror-zum-opfer-fielen\/\">Weiterlesen <span class=\"meta-nav\">&rarr;<\/span><\/a><\/p>\n","protected":false},"author":2,"featured_media":0,"comment_status":"open","ping_status":"open","sticky":false,"template":"","format":"standard","meta":{"footnotes":""},"categories":[25,1],"tags":[],"class_list":["post-260","post","type-post","status-publish","format-standard","hentry","category-news","category-uncategorized"],"_links":{"self":[{"href":"https:\/\/blog.radiofabrik.at\/hoermahnmal\/wp-json\/wp\/v2\/posts\/260","targetHints":{"allow":["GET"]}}],"collection":[{"href":"https:\/\/blog.radiofabrik.at\/hoermahnmal\/wp-json\/wp\/v2\/posts"}],"about":[{"href":"https:\/\/blog.radiofabrik.at\/hoermahnmal\/wp-json\/wp\/v2\/types\/post"}],"author":[{"embeddable":true,"href":"https:\/\/blog.radiofabrik.at\/hoermahnmal\/wp-json\/wp\/v2\/users\/2"}],"replies":[{"embeddable":true,"href":"https:\/\/blog.radiofabrik.at\/hoermahnmal\/wp-json\/wp\/v2\/comments?post=260"}],"version-history":[{"count":0,"href":"https:\/\/blog.radiofabrik.at\/hoermahnmal\/wp-json\/wp\/v2\/posts\/260\/revisions"}],"wp:attachment":[{"href":"https:\/\/blog.radiofabrik.at\/hoermahnmal\/wp-json\/wp\/v2\/media?parent=260"}],"wp:term":[{"taxonomy":"category","embeddable":true,"href":"https:\/\/blog.radiofabrik.at\/hoermahnmal\/wp-json\/wp\/v2\/categories?post=260"},{"taxonomy":"post_tag","embeddable":true,"href":"https:\/\/blog.radiofabrik.at\/hoermahnmal\/wp-json\/wp\/v2\/tags?post=260"}],"curies":[{"name":"wp","href":"https:\/\/api.w.org\/{rel}","templated":true}]}}