{"id":266,"date":"2009-06-18T08:35:05","date_gmt":"2009-06-18T07:35:05","guid":{"rendered":"http:\/\/www.hoermahnmal.eu\/?p=266"},"modified":"2009-06-18T08:35:05","modified_gmt":"2009-06-18T07:35:05","slug":"hormahnmal-ab-22-juni-am-schwarzgrabenweg","status":"publish","type":"post","link":"https:\/\/blog.radiofabrik.at\/hoermahnmal\/2009\/06\/18\/hormahnmal-ab-22-juni-am-schwarzgrabenweg\/","title":{"rendered":"H\u00d6RMAHNMAL ab 22. Juni am Schwarzgrabenweg"},"content":{"rendered":"<p class=\"bodytext\">So wie die Assoziation eines Fuhrwerkes den Bewegungswillen der fahrenden V\u00f6lker repr\u00e4sentiert, wird sich auch das H\u00f6rmahnmal durch Salzburg bewegen:<\/p>\n<p><a class=\"external-link-new-window\" title=\"\u00d6ffnet externen Link in neuem Fenster\" href=\"http:\/\/www.stolpersteine-salzburg.at\/\" target=\"_blank\">*EIN H\u00d6RMAHNMAL *<br \/>\n*ab 22. Juni 09 am Schwarzgrabenweg (Kreuzung Kr\u00e4utlerweg)*<br \/>\n<\/a><strong class=\"moz-txt-star\"><a class=\"external-link-new-window\" title=\"\u00d6ffnet externen Link in neuem Fenster\" href=\"http:\/\/www.stolpersteine-salzburg.at\/\" target=\"_blank\">*Pr\u00e4sentation im Rahmen der Stolpersteinverlegung, 10:00 Uhr<\/a>*<\/strong><\/p>\n<p class=\"bodytext\"><a href=\"http:\/\/www.stolpersteine-salzburg.at\/\" target=\"_blank\">http:\/\/www.stolpersteine-salzburg.at\/<\/a><\/p>\n<p class=\"bodytext\"><a class=\"external-link-new-window\" title=\"\u00d6ffnet externen Link in neuem Fenster\" href=\"http:\/\/maps.google.at\/maps\/ms?source=s_q&amp;hl=de&amp;ie=UTF8&amp;cd=1&amp;geocode=FX0F2QIdro_GAA&amp;split=0&amp;msa=0&amp;msid=100347946222152505056.00046c7c7eda8a4fa6320&amp;ll=47.779496,13.009744&amp;spn=0.003475,0.009656&amp;z=17\" target=\"_blank\">Der Standort auf Google-Maps<\/a><\/p>\n<p class=\"bodytext\">\n<p class=\"bodytext\">Im Sinne einer lebendigen Ged\u00e4chtniskultur jenseits des Schlussstriches geht es um kein sakrales Entr\u00fccken des Gedenkens, sondern um offene Reflexion und Diskussionen kontroverser Themen.<br \/>\nDas H\u00f6rmahnmal geht weit \u00fcber ein Denkmal, wie man es bisher kennt, hinaus. Die von Zoltan Pap entworfene Skulptur wird im Inneren des Sockels von affinierter Technik erg\u00e4nzt. Mit Bewegungsmeldern und Lautsprechern ausgestattet, erinnert das H\u00f6rmahnmal bei Ann\u00e4herung auch akustisch an die Menschen, welche im Sammellager Maxglan von den Nazis inhaftiert wurden, und gibt Ihnen so ihre Namen zur\u00fcck. Skulptur und Radiofeature verschmelzen zum H\u00f6rmahnmal und machen Erinnerungskultur im \u00f6ffentlichen Raum seh- und h\u00f6rbar. Weitere Radiosendungen stehen interessierten Betrachterinnen \u00fcber den im Mahnmal integrieten WLAN-Spot zur Verf\u00fcgung.<\/p>\n<p class=\"bodytext\">In Salzburg wurden ab dem Jahre 1939 durchziehende \u201eZigeuner\u201c auf einem schon bestehenden Sammelplatz zusammengefasst und durften sich nur noch mit beh\u00f6rdlicher Erlaubnis entfernen. 1940 wurden diese Roma und Sinti in die St\u00e4lle der Rennbahn in Salzburg-Aigen einquartiert. Gleichzeitig mussten sie an der Errichtung eines gr\u00f6\u00dferen und besser eingez\u00e4unten Lagers in Lepoldskron-Moos arbeiten. Dieses wurde KZ-\u00e4hnlich gef\u00fchrt, ca. 300 Eingesperrte wurden zur Zwangsarbeit gezwungen. Ende M\u00e4rz\/Anfang April 1943 erfolgte die R\u00e4umung des Lagers, der Gro\u00dfteil der Insassen wurde nach Auschwitz-Birkenau transportiert. Ein kleinerer Teil kam in das Sammellager Lackenbach, einer Durchgangsstation der nationalsozialistischen Vernichtungs-Maschinerie. Die Namen von 230 der vom Lager Maxglan aus deportieren Roma und Sinti konnte der Salzburger Historiker Gert Kerschbaumer ermitteln.<\/p>\n","protected":false},"excerpt":{"rendered":"<p>So wie die Assoziation eines Fuhrwerkes den Bewegungswillen der fahrenden V\u00f6lker repr\u00e4sentiert, wird sich auch das H\u00f6rmahnmal durch Salzburg bewegen: *EIN H\u00d6RMAHNMAL * *ab 22. Juni 09 am Schwarzgrabenweg (Kreuzung Kr\u00e4utlerweg)* *Pr\u00e4sentation im Rahmen der Stolpersteinverlegung, 10:00 Uhr* http:\/\/www.stolpersteine-salzburg.at\/ Der &hellip; <a href=\"https:\/\/blog.radiofabrik.at\/hoermahnmal\/2009\/06\/18\/hormahnmal-ab-22-juni-am-schwarzgrabenweg\/\">Weiterlesen <span class=\"meta-nav\">&rarr;<\/span><\/a><\/p>\n","protected":false},"author":2,"featured_media":0,"comment_status":"open","ping_status":"open","sticky":false,"template":"","format":"standard","meta":{"footnotes":""},"categories":[25,1],"tags":[],"class_list":["post-266","post","type-post","status-publish","format-standard","hentry","category-news","category-uncategorized"],"_links":{"self":[{"href":"https:\/\/blog.radiofabrik.at\/hoermahnmal\/wp-json\/wp\/v2\/posts\/266","targetHints":{"allow":["GET"]}}],"collection":[{"href":"https:\/\/blog.radiofabrik.at\/hoermahnmal\/wp-json\/wp\/v2\/posts"}],"about":[{"href":"https:\/\/blog.radiofabrik.at\/hoermahnmal\/wp-json\/wp\/v2\/types\/post"}],"author":[{"embeddable":true,"href":"https:\/\/blog.radiofabrik.at\/hoermahnmal\/wp-json\/wp\/v2\/users\/2"}],"replies":[{"embeddable":true,"href":"https:\/\/blog.radiofabrik.at\/hoermahnmal\/wp-json\/wp\/v2\/comments?post=266"}],"version-history":[{"count":0,"href":"https:\/\/blog.radiofabrik.at\/hoermahnmal\/wp-json\/wp\/v2\/posts\/266\/revisions"}],"wp:attachment":[{"href":"https:\/\/blog.radiofabrik.at\/hoermahnmal\/wp-json\/wp\/v2\/media?parent=266"}],"wp:term":[{"taxonomy":"category","embeddable":true,"href":"https:\/\/blog.radiofabrik.at\/hoermahnmal\/wp-json\/wp\/v2\/categories?post=266"},{"taxonomy":"post_tag","embeddable":true,"href":"https:\/\/blog.radiofabrik.at\/hoermahnmal\/wp-json\/wp\/v2\/tags?post=266"}],"curies":[{"name":"wp","href":"https:\/\/api.w.org\/{rel}","templated":true}]}}