{"id":659,"date":"2016-05-12T10:13:03","date_gmt":"2016-05-12T10:13:03","guid":{"rendered":"http:\/\/blog.radiofabrik.at\/kiznewz\/?p=659"},"modified":"2016-05-12T14:12:50","modified_gmt":"2016-05-12T14:12:50","slug":"23-kiznewz-ausgabe-europa-meisterschaft","status":"publish","type":"post","link":"https:\/\/blog.radiofabrik.at\/kiznewz\/2016\/05\/12\/23-kiznewz-ausgabe-europa-meisterschaft\/","title":{"rendered":"23. KiZnewZ Ausgabe: Europa-Meisterschaft"},"content":{"rendered":"<div id=\"attachment_660\" style=\"width: 310px\" class=\"wp-caption alignnone\"><a href=\"http:\/\/blog.radiofabrik.at\/kiznewz\/files\/2016\/05\/Ausgabe_23.jpg\"><img loading=\"lazy\" decoding=\"async\" aria-describedby=\"caption-attachment-660\" class=\"size-medium wp-image-660\" src=\"http:\/\/blog.radiofabrik.at\/kiznewz\/files\/2016\/05\/Ausgabe_23-300x200.jpg\" alt=\"Redaktion: 4A VS Campus Mirabell\" width=\"300\" height=\"200\" srcset=\"https:\/\/blog.radiofabrik.at\/kiznewz\/files\/2016\/05\/Ausgabe_23-300x200.jpg 300w, https:\/\/blog.radiofabrik.at\/kiznewz\/files\/2016\/05\/Ausgabe_23-768x512.jpg 768w, https:\/\/blog.radiofabrik.at\/kiznewz\/files\/2016\/05\/Ausgabe_23-450x300.jpg 450w, https:\/\/blog.radiofabrik.at\/kiznewz\/files\/2016\/05\/Ausgabe_23.jpg 1000w\" sizes=\"auto, (max-width: 300px) 100vw, 300px\" \/><\/a><p id=\"caption-attachment-660\" class=\"wp-caption-text\">Redaktion: 4A VS Campus Mirabell<\/p><\/div>\n<p>In dieser Ausgabe der KiZnewZ interessiert die Sch\u00fclerInnen der 4A Klasse der Volksschule Campus Mirabell vor allem das Thema der\u00a0<strong>Fu\u00dfball-Europa-Meisterschaft<\/strong>\u00a0. Dazu haben sie sich Gerhard \u00d6hlinger ins Studio der Radiofabrik geholt, der seit Jahren f\u00fcr den Sportteil der Salzburger Nachrichten schreibt. Er beantwortet den Sch\u00fclerInnen alle Fragen rund um die EM: Welche L\u00e4nder sind dieses Mal dabei? Was ist eigentlich eine Qualifikation? Wie lange dauert so ein Fu\u00dfballspiel? Ist es Zufall, dass Torm\u00e4nner immer so gro\u00df sind? Und wieso begeistert Fu\u00dfball so viele Menschen?<br \/>\nIn den Kurzmeldungen besch\u00e4ftigten sich die Sch\u00fclerInnen mit den neuesten Nachrichten \u00fcber\u00a0<strong>Facebook<\/strong>-Gr\u00fcnder Mark Zuckerberg.<!--more--><\/p>\n\n<!-- iframe plugin v.6.0 wordpress.org\/plugins\/iframe\/ -->\n<iframe loading=\"lazy\" src=\"https:\/\/cba.fro.at\/299707\/embed?\" width=\"100%\" height=\"209\" style=\"border:none; width:100%; height:209px;\" scrolling=\"yes\" class=\"iframe-class\" frameborder=\"0\"><\/iframe>\n\n","protected":false},"excerpt":{"rendered":"<p>In dieser Ausgabe der KiZnewZ interessiert die Sch\u00fclerInnen der 4A Klasse der Volksschule Campus Mirabell vor allem das Thema der\u00a0Fu\u00dfball-Europa-Meisterschaft\u00a0. Dazu haben sie sich Gerhard \u00d6hlinger ins Studio der Radiofabrik geholt, der seit Jahren f\u00fcr den Sportteil der Salzburger Nachrichten &hellip; <a href=\"https:\/\/blog.radiofabrik.at\/kiznewz\/2016\/05\/12\/23-kiznewz-ausgabe-europa-meisterschaft\/\">Weiterlesen <span class=\"meta-nav\">&rarr;<\/span><\/a><\/p>\n","protected":false},"author":675,"featured_media":0,"comment_status":"closed","ping_status":"closed","sticky":false,"template":"","format":"standard","meta":{"jetpack_post_was_ever_published":false,"_jetpack_newsletter_access":"","_jetpack_dont_email_post_to_subs":false,"_jetpack_newsletter_tier_id":0,"_jetpack_memberships_contains_paywalled_content":false,"_jetpack_memberships_contains_paid_content":false,"footnotes":"","jetpack_publicize_message":"","jetpack_publicize_feature_enabled":true,"jetpack_social_post_already_shared":true,"jetpack_social_options":{"image_generator_settings":{"template":"highway","default_image_id":0,"font":"","enabled":false},"version":2}},"categories":[37943],"tags":[],"class_list":["post-659","post","type-post","status-publish","format-standard","hentry","category-vs-campus-mirabell"],"jetpack_publicize_connections":[],"jetpack_featured_media_url":"","jetpack_sharing_enabled":true,"jetpack_shortlink":"https:\/\/wp.me\/p50fnL-aD","_links":{"self":[{"href":"https:\/\/blog.radiofabrik.at\/kiznewz\/wp-json\/wp\/v2\/posts\/659","targetHints":{"allow":["GET"]}}],"collection":[{"href":"https:\/\/blog.radiofabrik.at\/kiznewz\/wp-json\/wp\/v2\/posts"}],"about":[{"href":"https:\/\/blog.radiofabrik.at\/kiznewz\/wp-json\/wp\/v2\/types\/post"}],"author":[{"embeddable":true,"href":"https:\/\/blog.radiofabrik.at\/kiznewz\/wp-json\/wp\/v2\/users\/675"}],"replies":[{"embeddable":true,"href":"https:\/\/blog.radiofabrik.at\/kiznewz\/wp-json\/wp\/v2\/comments?post=659"}],"version-history":[{"count":2,"href":"https:\/\/blog.radiofabrik.at\/kiznewz\/wp-json\/wp\/v2\/posts\/659\/revisions"}],"predecessor-version":[{"id":680,"href":"https:\/\/blog.radiofabrik.at\/kiznewz\/wp-json\/wp\/v2\/posts\/659\/revisions\/680"}],"wp:attachment":[{"href":"https:\/\/blog.radiofabrik.at\/kiznewz\/wp-json\/wp\/v2\/media?parent=659"}],"wp:term":[{"taxonomy":"category","embeddable":true,"href":"https:\/\/blog.radiofabrik.at\/kiznewz\/wp-json\/wp\/v2\/categories?post=659"},{"taxonomy":"post_tag","embeddable":true,"href":"https:\/\/blog.radiofabrik.at\/kiznewz\/wp-json\/wp\/v2\/tags?post=659"}],"curies":[{"name":"wp","href":"https:\/\/api.w.org\/{rel}","templated":true}]}}