{"id":662,"date":"2016-05-12T10:13:42","date_gmt":"2016-05-12T10:13:42","guid":{"rendered":"http:\/\/blog.radiofabrik.at\/kiznewz\/?p=662"},"modified":"2016-05-12T14:13:21","modified_gmt":"2016-05-12T14:13:21","slug":"24-kiznewz-ausgabe-flucht-und-asyl","status":"publish","type":"post","link":"https:\/\/blog.radiofabrik.at\/kiznewz\/2016\/05\/12\/24-kiznewz-ausgabe-flucht-und-asyl\/","title":{"rendered":"24. KiZnewZ Ausgabe: Flucht und Asyl"},"content":{"rendered":"<div id=\"attachment_663\" style=\"width: 310px\" class=\"wp-caption alignnone\"><a href=\"http:\/\/blog.radiofabrik.at\/kiznewz\/files\/2016\/05\/Ausgabe_24.jpg\"><img loading=\"lazy\" decoding=\"async\" aria-describedby=\"caption-attachment-663\" class=\"size-medium wp-image-663\" src=\"http:\/\/blog.radiofabrik.at\/kiznewz\/files\/2016\/05\/Ausgabe_24-300x200.jpg\" alt=\"Redaktion: 4A VS Campus Mirabell\" width=\"300\" height=\"200\" srcset=\"https:\/\/blog.radiofabrik.at\/kiznewz\/files\/2016\/05\/Ausgabe_24-300x200.jpg 300w, https:\/\/blog.radiofabrik.at\/kiznewz\/files\/2016\/05\/Ausgabe_24-768x512.jpg 768w, https:\/\/blog.radiofabrik.at\/kiznewz\/files\/2016\/05\/Ausgabe_24-450x300.jpg 450w, https:\/\/blog.radiofabrik.at\/kiznewz\/files\/2016\/05\/Ausgabe_24.jpg 1000w\" sizes=\"auto, (max-width: 300px) 100vw, 300px\" \/><\/a><p id=\"caption-attachment-663\" class=\"wp-caption-text\">Redaktion: 4A VS Campus Mirabell<\/p><\/div>\n<p><strong>Flucht und Asyl<\/strong>\u00a0sind Themen, die die Sch\u00fcler und Sch\u00fclerinnen nicht loslassen. Deshalb haben sie sich dazu entschieden, das Thema noch einmal aus einem anderen Blickwinkel aufzugreifen. Im Interview mit Samina Smajilbasic (Friedensb\u00fcro), die als Kind selbst mit ihren Eltern nach \u00d6sterreich gefl\u00fcchtet ist, erf\u00e4hrt die 4A Klasse, was es hei\u00dft auf der Flucht zu sein und was es \u00fcberhaupt bedeutet, wenn jemand Asyl bekommt.<br \/>\nIn den Kurznachrichten besch\u00e4ftigen die Kinder sich mit\u00a0<strong>Bundestrojanern<\/strong>\u00a0und einer ganz aktuellen und irgendwie schr\u00e4gen\u00a0Entdeckung \u00fcber\u00a0<strong>Schimpansen<\/strong>.<!--more--><\/p>\n\n<!-- iframe plugin v.6.0 wordpress.org\/plugins\/iframe\/ -->\n<iframe loading=\"lazy\" src=\"https:\/\/cba.fro.at\/309945\/embed?\" width=\"100%\" height=\"209\" style=\"border:none; width:100%; height:209px;\" scrolling=\"yes\" class=\"iframe-class\" frameborder=\"0\"><\/iframe>\n\n","protected":false},"excerpt":{"rendered":"<p>Flucht und Asyl\u00a0sind Themen, die die Sch\u00fcler und Sch\u00fclerinnen nicht loslassen. Deshalb haben sie sich dazu entschieden, das Thema noch einmal aus einem anderen Blickwinkel aufzugreifen. Im Interview mit Samina Smajilbasic (Friedensb\u00fcro), die als Kind selbst mit ihren Eltern nach &hellip; <a href=\"https:\/\/blog.radiofabrik.at\/kiznewz\/2016\/05\/12\/24-kiznewz-ausgabe-flucht-und-asyl\/\">Weiterlesen <span class=\"meta-nav\">&rarr;<\/span><\/a><\/p>\n","protected":false},"author":675,"featured_media":0,"comment_status":"closed","ping_status":"closed","sticky":false,"template":"","format":"standard","meta":{"jetpack_post_was_ever_published":false,"_jetpack_newsletter_access":"","_jetpack_dont_email_post_to_subs":false,"_jetpack_newsletter_tier_id":0,"_jetpack_memberships_contains_paywalled_content":false,"_jetpack_memberships_contains_paid_content":false,"footnotes":"","jetpack_publicize_message":"","jetpack_publicize_feature_enabled":true,"jetpack_social_post_already_shared":true,"jetpack_social_options":{"image_generator_settings":{"template":"highway","default_image_id":0,"font":"","enabled":false},"version":2}},"categories":[37943],"tags":[],"class_list":["post-662","post","type-post","status-publish","format-standard","hentry","category-vs-campus-mirabell"],"jetpack_publicize_connections":[],"jetpack_featured_media_url":"","jetpack_sharing_enabled":true,"jetpack_shortlink":"https:\/\/wp.me\/p50fnL-aG","_links":{"self":[{"href":"https:\/\/blog.radiofabrik.at\/kiznewz\/wp-json\/wp\/v2\/posts\/662","targetHints":{"allow":["GET"]}}],"collection":[{"href":"https:\/\/blog.radiofabrik.at\/kiznewz\/wp-json\/wp\/v2\/posts"}],"about":[{"href":"https:\/\/blog.radiofabrik.at\/kiznewz\/wp-json\/wp\/v2\/types\/post"}],"author":[{"embeddable":true,"href":"https:\/\/blog.radiofabrik.at\/kiznewz\/wp-json\/wp\/v2\/users\/675"}],"replies":[{"embeddable":true,"href":"https:\/\/blog.radiofabrik.at\/kiznewz\/wp-json\/wp\/v2\/comments?post=662"}],"version-history":[{"count":2,"href":"https:\/\/blog.radiofabrik.at\/kiznewz\/wp-json\/wp\/v2\/posts\/662\/revisions"}],"predecessor-version":[{"id":681,"href":"https:\/\/blog.radiofabrik.at\/kiznewz\/wp-json\/wp\/v2\/posts\/662\/revisions\/681"}],"wp:attachment":[{"href":"https:\/\/blog.radiofabrik.at\/kiznewz\/wp-json\/wp\/v2\/media?parent=662"}],"wp:term":[{"taxonomy":"category","embeddable":true,"href":"https:\/\/blog.radiofabrik.at\/kiznewz\/wp-json\/wp\/v2\/categories?post=662"},{"taxonomy":"post_tag","embeddable":true,"href":"https:\/\/blog.radiofabrik.at\/kiznewz\/wp-json\/wp\/v2\/tags?post=662"}],"curies":[{"name":"wp","href":"https:\/\/api.w.org\/{rel}","templated":true}]}}