{"id":149,"date":"2013-02-21T21:53:28","date_gmt":"2013-02-21T21:53:28","guid":{"rendered":"http:\/\/blog.radiofabrik.at\/kosmos\/?p=149"},"modified":"2013-02-21T21:53:28","modified_gmt":"2013-02-21T21:53:28","slug":"aufruf-aus-dem-kosmos-offenlegung-der-auserirdischen-prasenz-in-den-usa","status":"publish","type":"post","link":"https:\/\/blog.radiofabrik.at\/kosmos\/2013\/02\/21\/aufruf-aus-dem-kosmos-offenlegung-der-auserirdischen-prasenz-in-den-usa\/","title":{"rendered":"Aufruf aus dem Kosmos &#8211; &#8222;Offenlegung der au\u00dferirdischen Pr\u00e4senz in den USA?&#8220;"},"content":{"rendered":"<p><a href=\"https:\/\/blog.radiofabrik.at\/kosmos\/files\/2013\/02\/Banner-9d.jpg\"><img loading=\"lazy\" decoding=\"async\" class=\"aligncenter size-full wp-image-151\" alt=\"Banner-9d\" src=\"https:\/\/blog.radiofabrik.at\/kosmos\/files\/2013\/02\/Banner-9d.jpg\" width=\"1000\" height=\"300\" srcset=\"https:\/\/blog.radiofabrik.at\/kosmos\/files\/2013\/02\/Banner-9d.jpg 1000w, https:\/\/blog.radiofabrik.at\/kosmos\/files\/2013\/02\/Banner-9d-300x90.jpg 300w, https:\/\/blog.radiofabrik.at\/kosmos\/files\/2013\/02\/Banner-9d-500x150.jpg 500w\" sizes=\"auto, (max-width: 1000px) 100vw, 1000px\" \/><\/a>Aufruf aus dem Kosmos: 23. Februar 2013, 18:00 &#8211; 19.00 Uhr<\/p>\n<p>Im National Press Club in Washington DC wird vom 29. April bis 3. Mai 2013 eine Anh\u00f6rung der &#8222;B\u00fcrgerinitiative zur Offenlegung der au\u00dferirdischen Pr\u00e4senz&#8220; stattfinden.<br \/>\nAuf dieser Veranstaltung wird eine Gruppe von \u00fcber 40 Forschern und Milit\u00e4rangeh\u00f6rigen vor ehemaligen Mitgliedern des US-Repr\u00e4sentantenhauses und des Senats aussagen, das Motto der lautet: &#8222;Wenn der Kongress nicht seine Arbeit macht, werden dies die Leute tun.&#8220; Der mittlerweile 82j\u00e4hrige NASA-Astronaut Dr. Edgar Mitchell, der 1971 als sechster Mensch auf dem Mond spazierte, fordert als internationaler Sprecher dieser B\u00fcrgeranh\u00f6rung: &#8222;Es ist Zeit, das Wahrheits-Embargo \u00fcber die au\u00dferirdische Pr\u00e4senz auf der Erde zu beenden!&#8220;<br \/>\nDie Veranstaltung wird per Stream \u00fcbertragen, und es soll das Videomaterial dieses Kongresses im Herbst als Dokumentarfilm ver\u00f6ffentlicht werden. Links zum Stream und mehr Infos gibt es unter www.citizenshearing.org bzw. www.paradigmresearchgroup.org.<\/p>\n<p>Um diese und weitere spannende Entwicklungen in Sachen Enth\u00fcllung und Exopolitik geht es diesmal in meiner Sendung. H\u00f6rt rein und erfreut Euch an diesen Neuigkeiten!<\/p>\n<p>Die Musik kommt diesmal von der nagelneuen Live-CD &#8222;Old Friends in Concert&#8220; von Hannes Wader und Allan Taylor, die im Mai 2011 gemeinsam auf Tournee waren. www.hanneswader.de<\/p>\n<p>Claus Gomig<\/p>\n","protected":false},"excerpt":{"rendered":"<p>Aufruf aus dem Kosmos: 23. Februar 2013, 18:00 &#8211; 19.00 Uhr Im National Press Club in Washington DC wird vom 29. April bis 3. Mai 2013 eine Anh\u00f6rung der &#8222;B\u00fcrgerinitiative zur Offenlegung der au\u00dferirdischen Pr\u00e4senz&#8220; stattfinden. Auf dieser Veranstaltung wird &hellip; <a href=\"https:\/\/blog.radiofabrik.at\/kosmos\/2013\/02\/21\/aufruf-aus-dem-kosmos-offenlegung-der-auserirdischen-prasenz-in-den-usa\/\">Weiterlesen <span class=\"meta-nav\">&rarr;<\/span><\/a><\/p>\n","protected":false},"author":129,"featured_media":0,"comment_status":"open","ping_status":"open","sticky":false,"template":"","format":"standard","meta":{"footnotes":""},"categories":[1],"tags":[10879,10876,10869,10871,10877,10880,10872,10813,10874,10873,10878,10875,10870,10868],"class_list":["post-149","post","type-post","status-publish","format-standard","hentry","category-uncategorized","tag-allan-taylor","tag-astronaut","tag-auserirdische-prasenz","tag-burgerinitiative","tag-edgar-mitchell","tag-exopolitik","tag-forscher","tag-hannes-wader","tag-kongress","tag-militarangehorige","tag-mond","tag-nasa","tag-national-press-club","tag-offenlegung"],"_links":{"self":[{"href":"https:\/\/blog.radiofabrik.at\/kosmos\/wp-json\/wp\/v2\/posts\/149","targetHints":{"allow":["GET"]}}],"collection":[{"href":"https:\/\/blog.radiofabrik.at\/kosmos\/wp-json\/wp\/v2\/posts"}],"about":[{"href":"https:\/\/blog.radiofabrik.at\/kosmos\/wp-json\/wp\/v2\/types\/post"}],"author":[{"embeddable":true,"href":"https:\/\/blog.radiofabrik.at\/kosmos\/wp-json\/wp\/v2\/users\/129"}],"replies":[{"embeddable":true,"href":"https:\/\/blog.radiofabrik.at\/kosmos\/wp-json\/wp\/v2\/comments?post=149"}],"version-history":[{"count":2,"href":"https:\/\/blog.radiofabrik.at\/kosmos\/wp-json\/wp\/v2\/posts\/149\/revisions"}],"predecessor-version":[{"id":153,"href":"https:\/\/blog.radiofabrik.at\/kosmos\/wp-json\/wp\/v2\/posts\/149\/revisions\/153"}],"wp:attachment":[{"href":"https:\/\/blog.radiofabrik.at\/kosmos\/wp-json\/wp\/v2\/media?parent=149"}],"wp:term":[{"taxonomy":"category","embeddable":true,"href":"https:\/\/blog.radiofabrik.at\/kosmos\/wp-json\/wp\/v2\/categories?post=149"},{"taxonomy":"post_tag","embeddable":true,"href":"https:\/\/blog.radiofabrik.at\/kosmos\/wp-json\/wp\/v2\/tags?post=149"}],"curies":[{"name":"wp","href":"https:\/\/api.w.org\/{rel}","templated":true}]}}