{"id":195,"date":"2013-10-24T17:21:42","date_gmt":"2013-10-24T17:21:42","guid":{"rendered":"http:\/\/blog.radiofabrik.at\/kosmos\/?p=195"},"modified":"2013-10-24T17:32:01","modified_gmt":"2013-10-24T17:32:01","slug":"aufruf-aus-dem-kosmos-kornkreise-2013-eine-turbulente-saison-mit-anzeichen-globalen-erwachens","status":"publish","type":"post","link":"https:\/\/blog.radiofabrik.at\/kosmos\/2013\/10\/24\/aufruf-aus-dem-kosmos-kornkreise-2013-eine-turbulente-saison-mit-anzeichen-globalen-erwachens\/","title":{"rendered":"Aufruf aus dem Kosmos &#8211; &#8222;Kornkreise 2013 &#8211; eine turbulente Saison mit Anzeichen globalen Erwachens&#8220;"},"content":{"rendered":"<p><a href=\"https:\/\/blog.radiofabrik.at\/kosmos\/files\/2013\/10\/KK-Hackpen-Hill.jpg\"><img loading=\"lazy\" decoding=\"async\" class=\"aligncenter size-medium wp-image-200\" alt=\"KK-Hackpen-Hill\" src=\"https:\/\/blog.radiofabrik.at\/kosmos\/files\/2013\/10\/KK-Hackpen-Hill-300x247.jpg\" width=\"300\" height=\"247\" srcset=\"https:\/\/blog.radiofabrik.at\/kosmos\/files\/2013\/10\/KK-Hackpen-Hill-300x247.jpg 300w, https:\/\/blog.radiofabrik.at\/kosmos\/files\/2013\/10\/KK-Hackpen-Hill-363x300.jpg 363w, https:\/\/blog.radiofabrik.at\/kosmos\/files\/2013\/10\/KK-Hackpen-Hill.jpg 530w\" sizes=\"auto, (max-width: 300px) 100vw, 300px\" \/><\/a>Samstag, 26. Oktober 2013<br \/>\n18 &#8211; 19 Uhr, Radiofabrik Sbg.<\/p>\n<p><strong>Den Raumgeschwistern sei gedankt! Jay Goldner kommt! Um Euch und uns einen kurzen, aber vermutlich sehr tiefen Einblick in das diesj\u00e4hrige Kornkreis-Geschehen zu erlauben, haben unsere Kosmischen Freundinnen und Freunde dankenswerterweise daf\u00fcr gesorgt, da\u00df wir diesmal als Gast eine \u00f6sterreichische Koryph\u00e4e im Erforschen der so genannten &#8222;Kornkreise&#8220; (Cropcircles) live im Studio der Radiofabrik haben d\u00fcrfen.<\/strong><\/p>\n<p>Diese Radio-Stunde zur Kornkreis-Saison 2013 ist durchaus in Verbindung mit Vortrag und Tagesseminar am 8.\/9. November im Br\u00e4uwirt\/Bergheim bei Salzburg zu sehen, den\/das Jay Goldner mit G\u00fcnther Schermann (einer weiteren Koryph\u00e4e auf diesem wundersamen Gebiet) lebendig gestalten wird.<\/p>\n<p><em><strong>Info zum Studiogast:<\/strong><\/em><br \/>\n<strong>Jay Goldner lebt in Gmunden\/Salzkammergut und leitet dort sein holistisches &#8222;Studio Phoenix&#8220;, in dessen Rahmen er seit Jahrzehnten k\u00fcnstlerisch, alternativ-wissenschaftlich und spirituell t\u00e4tig ist.<\/strong> Zudem ist er seit 20 Jahren <strong>Buchautor<\/strong> zum Themenbereich Parapsychologie, u.a. von &#8222;<strong>E.<\/strong><strong>T.<\/strong> <strong>hat<\/strong> <strong>geantwortet&#8220;<\/strong>\u00a0und einem halben Dutzend weiteren Titeln, die meisten sind bereits vergriffen. (Sein bisher letztes Werk &#8222;Das Ph\u00e4nomen der Operation mit blo\u00dfen H\u00e4nden&#8220; dreht sich um die Trance-Chirurgie der philippinischen Geistheiler, Silberschnur Verlag).<\/p>\n<p><strong>Mehrere UFO-Sichtungen und ausgedehnte paranormale Erfahrungen w\u00e4hrend vieler Reisen f\u00fchrten ihn auf seinen Weg.<\/strong> In den letzten Jahren besch\u00e4ftigten ihn insbesondere universale mathematische Strukturen und deren spirituelle Implikationen. Innerhalb von Kornkreismustern konnte er bedeutende Merkmale finden, die auf eine h\u00f6here als irdische Intelligenz verweisen &#8211; besonders durch Entschl\u00fcsselung von vordergr\u00fcndig unsichtbaren Geometrien, die h\u00f6chst erstaunliches auf Erden unbekanntes bzw. vergessenes Wissen vermitteln.<strong> &#8222;Hier reichen uns eindeutig liebevolle Wesenheiten die helfende Hand in unsere Dimension her\u00fcber, um uns den Weg aus dem Dilemma der Dualit\u00e4t zu weisen.<\/strong>&#8220;<\/p>\n<p><a href=\"https:\/\/blog.radiofabrik.at\/kosmos\/files\/2013\/10\/austausch-banner.jpg\"><img loading=\"lazy\" decoding=\"async\" class=\"aligncenter size-full wp-image-197\" alt=\"austausch-banner\" src=\"https:\/\/blog.radiofabrik.at\/kosmos\/files\/2013\/10\/austausch-banner.jpg\" width=\"200\" height=\"125\" \/><\/a>So hat er es sich zur Lebenaufgabe gemacht, den anstehenden irdischen Bewusstseinsaufschwung tatkr\u00e4ftig zu unterst\u00fctzen, in dem er als Multiplikator des uns in den Feldern \u00fcberreichten kosmischen Knowhows dient. Dazu verwendet er die gesamte Vermittlungs-Palette, u.a. Vortr\u00e4ge, Seminare, Publikationen, k\u00fcnstlerische Adaptionen, Gro\u00dfausstellungen und Gruppenreisen, vieles davon zusammen mit G\u00fcnther Schermann und der &#8222;Gruppe Phoenix&#8220;, die sich mit der Zeit rund um ihre Aktivit\u00e4ten gebildet hat. Seit acht Jahren gibt er zudem das mit Hilfe der Gruppe durch inzwischen unz\u00e4hlige Dekodierungen entdeckte Hintergrundwissen, welches hinter der Oberfl\u00e4che vieler Kornkreise steckt, auch in internationalen Konferenzen weiter.<br \/>\nIm J\u00e4nner 2013 hat sich Jay gro\u00dfteils von bisherigen (\u00e4u\u00dferen) Aktivit\u00e4ten zur\u00fcckgezogen, um das neue Buch fertig zu schreiben, und sich vermehrt den Analysen der Piktogramme zuzuwenden.<\/p>\n<p><strong>Info<\/strong> <strong>zu<\/strong> <strong>Vortrag\/<\/strong><strong>Seminar<\/strong> <strong>in<\/strong> <strong>Bergheim:<\/strong>\u00a0www.aeri.at<br \/>\n<strong>Info<\/strong> <strong>zur<\/strong> <strong>Gruppe<\/strong> <strong>Phoenix:<\/strong>\u00a0www.kornkreiswelt.at<\/p>\n<p><strong>Musik<\/strong> <strong>in<\/strong> <strong>dieser<\/strong> <strong>Sendung:<\/strong>\u00a0das steht zum jetzigen Zeitpunkt noch in den Sternen.<\/p>\n<p><strong>Wir freuen uns auf diese Stunde mit Euch!<\/strong><\/p>\n<p>Claus, Monika und R\u00fcdiger<\/p>\n","protected":false},"excerpt":{"rendered":"<p>Samstag, 26. Oktober 2013 18 &#8211; 19 Uhr, Radiofabrik Sbg. Den Raumgeschwistern sei gedankt! Jay Goldner kommt! Um Euch und uns einen kurzen, aber vermutlich sehr tiefen Einblick in das diesj\u00e4hrige Kornkreis-Geschehen zu erlauben, haben unsere Kosmischen Freundinnen und Freunde &hellip; <a href=\"https:\/\/blog.radiofabrik.at\/kosmos\/2013\/10\/24\/aufruf-aus-dem-kosmos-kornkreise-2013-eine-turbulente-saison-mit-anzeichen-globalen-erwachens\/\">Weiterlesen <span class=\"meta-nav\">&rarr;<\/span><\/a><\/p>\n","protected":false},"author":129,"featured_media":0,"comment_status":"open","ping_status":"open","sticky":false,"template":"","format":"standard","meta":{"footnotes":""},"categories":[1],"tags":[10904,10903,10905,10834,10902,10833,10827,10899,10900,10901],"class_list":["post-195","post","type-post","status-publish","format-standard","hentry","category-uncategorized","tag-bewustseinsaufschwung","tag-geometrien","tag-gruppe-phoenix","tag-gunther-schermann","tag-intelligenz","tag-jay-goldner","tag-kornkreise","tag-kosmos","tag-parapsychologie","tag-ufo-sichtungen"],"_links":{"self":[{"href":"https:\/\/blog.radiofabrik.at\/kosmos\/wp-json\/wp\/v2\/posts\/195","targetHints":{"allow":["GET"]}}],"collection":[{"href":"https:\/\/blog.radiofabrik.at\/kosmos\/wp-json\/wp\/v2\/posts"}],"about":[{"href":"https:\/\/blog.radiofabrik.at\/kosmos\/wp-json\/wp\/v2\/types\/post"}],"author":[{"embeddable":true,"href":"https:\/\/blog.radiofabrik.at\/kosmos\/wp-json\/wp\/v2\/users\/129"}],"replies":[{"embeddable":true,"href":"https:\/\/blog.radiofabrik.at\/kosmos\/wp-json\/wp\/v2\/comments?post=195"}],"version-history":[{"count":3,"href":"https:\/\/blog.radiofabrik.at\/kosmos\/wp-json\/wp\/v2\/posts\/195\/revisions"}],"predecessor-version":[{"id":199,"href":"https:\/\/blog.radiofabrik.at\/kosmos\/wp-json\/wp\/v2\/posts\/195\/revisions\/199"}],"wp:attachment":[{"href":"https:\/\/blog.radiofabrik.at\/kosmos\/wp-json\/wp\/v2\/media?parent=195"}],"wp:term":[{"taxonomy":"category","embeddable":true,"href":"https:\/\/blog.radiofabrik.at\/kosmos\/wp-json\/wp\/v2\/categories?post=195"},{"taxonomy":"post_tag","embeddable":true,"href":"https:\/\/blog.radiofabrik.at\/kosmos\/wp-json\/wp\/v2\/tags?post=195"}],"curies":[{"name":"wp","href":"https:\/\/api.w.org\/{rel}","templated":true}]}}