{"id":277,"date":"2015-09-26T13:29:02","date_gmt":"2015-09-26T13:29:02","guid":{"rendered":"http:\/\/blog.radiofabrik.at\/kosmos\/?p=277"},"modified":"2015-09-26T13:29:02","modified_gmt":"2015-09-26T13:29:02","slug":"world-space-week-2015-in-salzburg-packing-for-mars-the-visit-im-mozartkino","status":"publish","type":"post","link":"https:\/\/blog.radiofabrik.at\/kosmos\/2015\/09\/26\/world-space-week-2015-in-salzburg-packing-for-mars-the-visit-im-mozartkino\/","title":{"rendered":"World-Space-Week 2015 in Salzburg: &#8222;Packing for Mars&#8220; &amp; &#8222;The Visit&#8220; im Mozartkino"},"content":{"rendered":"<div><\/div>\n<div><strong>Aufruf aus dem Kosmos<\/strong><\/div>\n<div>26. September 2015<\/div>\n<div>18 &#8211; 19 Uhr Radiofabrik Salzburg<\/div>\n<div><\/div>\n<div>Diese &#8222;Welt-Raum-Woche&#8220; vom 4. &#8211; 10. Oktober 2015 nehmen wir zum Anlass, um den Inhalt von 2 Filmpremieren im Salzburger Mozartkino\u00a0 zu besprechen.<\/div>\n<div>\n<div><strong>&#8222;Packing for Mars&#8220;<\/strong> &#8211; \u00dcber die Reise eines Mannes f\u00fcr die Wahrheit<\/div>\n<div>Inspiriert von einem Science-Fiction-Roman aus den 1970er-Jahren mit dem Titel ALTERNATIVE 3, begibt sich ein Mann, mit nicht mehr als einer Kamera und einem offenen Geist bewaffnet auf eine Reise, um die Wahrheit \u00fcber eines der \u00fcberraschendsten Geheimnisse aufzudecken: eine Elite-Gruppe soll heimlich mit dem Aufbau einer exklusiven au\u00dferplanetaren \u00dcberlebenskolonie auf dem Planeten Mars besch\u00e4ftigt sein. Es tauchen zunehmend mehr glaubw\u00fcrdige Personen auf, die behaupten, tats\u00e4chlich f\u00fcr die Mars-Mission rekrutiert gewesen zu sein, unter ihnen Laura Eisenhower, die Urenkelin des historisch bedeutenden amerikanischen Pr\u00e4sidenten.<\/div>\n<div>Spannender Dokumentarfilm von Frank Jacobs\/US, engl. Original &#8211; OHNE Untertitel (USA 2015)<\/div>\n<div>Dieser Filmabend ist<strong> eine Exclusiv-Vorpremiere <\/strong>und wird nur<strong> am Dienstag 6. Oktober um 20 Uhr im Mozartkino<\/strong>\/Kaigasse 33 gezeigt! Nach dem Film ist ein <strong>Publikumsgespr\u00e4ch mit dem Filmemacher Frank Jacobs <\/strong>(in deutsch). Der Eintritt ist 9,- Euro und die Kartenreservierung im Kino: 0662\/ 84 22 22<\/div>\n<div><a href=\"http:\/\/www.mozartkino.at\/veranstaltungen\/packing-for-mars\/\">http:\/\/www.mozartkino.at\/veranstaltungen\/packing-for-mars\/<\/a><\/div>\n<\/div>\n<div><\/div>\n<div><a href=\"https:\/\/blog.radiofabrik.at\/kosmos\/files\/2015\/09\/PFM_Salzburg_Poster.jpg\"><img loading=\"lazy\" decoding=\"async\" class=\"aligncenter size-large wp-image-278\" src=\"https:\/\/blog.radiofabrik.at\/kosmos\/files\/2015\/09\/PFM_Salzburg_Poster-683x1024.jpg\" alt=\"PFM_Salzburg_Poster\" width=\"584\" height=\"876\" srcset=\"https:\/\/blog.radiofabrik.at\/kosmos\/files\/2015\/09\/PFM_Salzburg_Poster-683x1024.jpg 683w, https:\/\/blog.radiofabrik.at\/kosmos\/files\/2015\/09\/PFM_Salzburg_Poster-200x300.jpg 200w, https:\/\/blog.radiofabrik.at\/kosmos\/files\/2015\/09\/PFM_Salzburg_Poster.jpg 1200w\" sizes=\"auto, (max-width: 584px) 100vw, 584px\" \/><\/a><\/div>\n<div>\n<div><strong>&#8222;The Visit&#8220; <\/strong>&#8211; Eine Ausserirdische Begegnung<\/div>\n<div>Dieser Film dokumentiert ein Ereignis, das so noch nie stattgefunden hat <strong>(*)<\/strong>: Die erste Begegnung zwischen Menschen und intelligentem Leben aus dem All.\u201c Seit der Erfindung der Radiowellen sendet die Menschheit Signale in den Weltraum und k\u00fcndet so ihre Existenz bei anderen Zivilisationen an. Mit beispiellosem Zugang zum B\u00fcro f\u00fcr Weltraumfragen der UNO, dem Milit\u00e4r und Experten leitender Agenturen f\u00fcr Weltraum, erkundet der Film ein Szenario eines ersten Kontakts, beginnend mit der einfachsten aller Fragen: Warum bist du hier? Wie denkst du? Was siehst du in uns Menschen, das wir nicht ins uns selbst sehen? THE VISIT ist eine Reise \u00fcber die irdische Perspektive hinaus und zeigt \u00c4ngste, Hoffnungen und Rituale einer Spezies auf, die gezwungen wird, sich nicht nur mit fremden Lebensformen zu konfrontieren, sondern auch mit ihrem Selbstbild. Dokumentarfilm von Michael Madsen (DK\/A\/IRL\/FIN\/NO 2015, 83 Min.)<\/div>\n<div><strong>Erstauff\u00fchrung am Donnerstag 8. Oktober im Mozartkino<\/strong> und wird tgl. bis 15. Oktober gespielt. Der Eintritt ist 9,- Euro und die Kartenreservierung im Kino: 0662\/ 84 22 22<strong>\u00a0 <\/strong><\/div>\n<div><strong>(* diesbez\u00fcglich sind die 3 Sendungsmacher anderer Meinung)<\/strong><\/div>\n<div><a href=\"http:\/\/www.mozartkino.at\/veranstaltungen\/world-space-week-04-10-10\/\">http:\/\/www.mozartkino.at\/veranstaltungen\/world-space-week-04-10-10\/<\/a><\/div>\n<\/div>\n<div><\/div>\n<div><a href=\"https:\/\/blog.radiofabrik.at\/kosmos\/files\/2015\/09\/cache_34593130.jpg\"><img loading=\"lazy\" decoding=\"async\" class=\"aligncenter size-full wp-image-279\" src=\"https:\/\/blog.radiofabrik.at\/kosmos\/files\/2015\/09\/cache_34593130.jpg\" alt=\"cache_34593130\" width=\"240\" height=\"340\" srcset=\"https:\/\/blog.radiofabrik.at\/kosmos\/files\/2015\/09\/cache_34593130.jpg 240w, https:\/\/blog.radiofabrik.at\/kosmos\/files\/2015\/09\/cache_34593130-212x300.jpg 212w\" sizes=\"auto, (max-width: 240px) 100vw, 240px\" \/><\/a><\/div>\n<div><strong>Dann machen wir noch einen Blick auf den gerade ver\u00f6ffentlichten Offenen Brief des UFO-Forschers Robert L. Hastings\/USA an die deutschsprachige \u00d6ffentlichkeit und Medienlandschaft auf sich hat.<\/strong> Er h\u00e4lt beim diesj\u00e4hrigen &#8222;Kongress f\u00fcr Grenzwissen&#8220; in Regen\/Bayern einen Vortrag. Hastings organisierte am 27. September 2010 die Pressekonferenz &#8222;UFOs und Atomwaffen&#8220; im National Press Club in Washington D.C. bei der sieben ehemalige Offiziere der US-Luftwaffe ihre UFO-Sichtungen \u00fcber milit\u00e4rischen Atomanlagen w\u00e4hrend der Zeit des Kalten Krieges berichteten. Bei mehreren dieser Vorf\u00e4lle wurden wiederholt nukleare Gefechtsk\u00f6pfe au\u00dfer Betrieb gesetzt, w\u00e4hrend in der N\u00e4he diskusf\u00f6rmige Flugobjekte \u00fcber den Anlagen schwebten.<\/div>\n<div>\n<div><a href=\"http:\/\/www.exopolitik.org\/wissen\/exopolitik-und-ufos\/zeugenaussagen\/ufos-und-atomwaffen\/993-weltweite-medienberichte-zur-qufos-and-nukesq-pressekonferenz-deutsche-medien-auffaellig-schweigsam\">http:\/\/www.exopolitik.org\/wissen\/exopolitik-und-ufos\/zeugenaussagen\/ufos-und-atomwaffen\/993-weltweite-medienberichte-zur-qufos-and-nukesq-pressekonferenz-deutsche-medien-auffaellig-schweigsam<\/a><\/div>\n<\/div>\n<div><\/div>\n<div><a href=\"https:\/\/blog.radiofabrik.at\/kosmos\/files\/2015\/09\/index.jpg\"><img loading=\"lazy\" decoding=\"async\" class=\"aligncenter size-full wp-image-280\" src=\"https:\/\/blog.radiofabrik.at\/kosmos\/files\/2015\/09\/index.jpg\" alt=\"index\" width=\"299\" height=\"168\" \/><\/a><\/div>\n<div>Wir freuen uns wieder auf offene Ohren-Herzen!<\/div>\n<div>\n<div>Claus, Monika, R\u00fcdiger<\/div>\n<\/div>\n","protected":false},"excerpt":{"rendered":"<p>Aufruf aus dem Kosmos 26. September 2015 18 &#8211; 19 Uhr Radiofabrik Salzburg Diese &#8222;Welt-Raum-Woche&#8220; vom 4. &#8211; 10. Oktober 2015 nehmen wir zum Anlass, um den Inhalt von 2 Filmpremieren im Salzburger Mozartkino\u00a0 zu besprechen. &#8222;Packing for Mars&#8220; &#8211; &hellip; <a href=\"https:\/\/blog.radiofabrik.at\/kosmos\/2015\/09\/26\/world-space-week-2015-in-salzburg-packing-for-mars-the-visit-im-mozartkino\/\">Weiterlesen <span class=\"meta-nav\">&rarr;<\/span><\/a><\/p>\n","protected":false},"author":129,"featured_media":0,"comment_status":"open","ping_status":"open","sticky":false,"template":"","format":"standard","meta":{"footnotes":""},"categories":[1],"tags":[],"class_list":["post-277","post","type-post","status-publish","format-standard","hentry","category-uncategorized"],"_links":{"self":[{"href":"https:\/\/blog.radiofabrik.at\/kosmos\/wp-json\/wp\/v2\/posts\/277","targetHints":{"allow":["GET"]}}],"collection":[{"href":"https:\/\/blog.radiofabrik.at\/kosmos\/wp-json\/wp\/v2\/posts"}],"about":[{"href":"https:\/\/blog.radiofabrik.at\/kosmos\/wp-json\/wp\/v2\/types\/post"}],"author":[{"embeddable":true,"href":"https:\/\/blog.radiofabrik.at\/kosmos\/wp-json\/wp\/v2\/users\/129"}],"replies":[{"embeddable":true,"href":"https:\/\/blog.radiofabrik.at\/kosmos\/wp-json\/wp\/v2\/comments?post=277"}],"version-history":[{"count":1,"href":"https:\/\/blog.radiofabrik.at\/kosmos\/wp-json\/wp\/v2\/posts\/277\/revisions"}],"predecessor-version":[{"id":281,"href":"https:\/\/blog.radiofabrik.at\/kosmos\/wp-json\/wp\/v2\/posts\/277\/revisions\/281"}],"wp:attachment":[{"href":"https:\/\/blog.radiofabrik.at\/kosmos\/wp-json\/wp\/v2\/media?parent=277"}],"wp:term":[{"taxonomy":"category","embeddable":true,"href":"https:\/\/blog.radiofabrik.at\/kosmos\/wp-json\/wp\/v2\/categories?post=277"},{"taxonomy":"post_tag","embeddable":true,"href":"https:\/\/blog.radiofabrik.at\/kosmos\/wp-json\/wp\/v2\/tags?post=277"}],"curies":[{"name":"wp","href":"https:\/\/api.w.org\/{rel}","templated":true}]}}