{"id":7,"date":"2012-05-25T20:18:39","date_gmt":"2012-05-25T20:18:39","guid":{"rendered":"http:\/\/blog.radiofabrik.at\/kosmos\/?p=7"},"modified":"2012-05-25T20:18:39","modified_gmt":"2012-05-25T20:18:39","slug":"buchvorstellung-ufos-generale-piloten-und-regierungsvertreter-brechen-ihr-schweigen","status":"publish","type":"post","link":"https:\/\/blog.radiofabrik.at\/kosmos\/2012\/05\/25\/buchvorstellung-ufos-generale-piloten-und-regierungsvertreter-brechen-ihr-schweigen\/","title":{"rendered":"Buchvorstellung: &#8222;UFOs &#8211; Gener\u00e4le, Piloten und Regierungsvertreter brechen ihr Schweigen&#8220;"},"content":{"rendered":"<p><a href=\"https:\/\/blog.radiofabrik.at\/kosmos\/files\/2012\/05\/927400.jpg\"><img loading=\"lazy\" decoding=\"async\" class=\"alignright size-medium wp-image-16\" src=\"https:\/\/blog.radiofabrik.at\/kosmos\/files\/2012\/05\/927400-199x300.jpg\" alt=\"\" width=\"199\" height=\"300\" srcset=\"https:\/\/blog.radiofabrik.at\/kosmos\/files\/2012\/05\/927400-199x300.jpg 199w, https:\/\/blog.radiofabrik.at\/kosmos\/files\/2012\/05\/927400.jpg 200w\" sizes=\"auto, (max-width: 199px) 100vw, 199px\" \/><\/a>Aufruf aus dem Kosmos: &#8222;Friede \u00fcber alle Grenzen!&#8220;<\/p>\n<p>am 26. Mai 2012 von 18 &#8211; 19 Uhr in der Radiofabrik Salzburg,<\/p>\n<p>mit Claus Gomig<\/p>\n<p>www.aeri.at und www.wahrheitsnetz.com<\/p>\n<p>&nbsp;<\/p>\n<p>&nbsp;<\/p>\n<p>In dieser Ausgabe der Sendung &#8222;Aufruf aus dem Kosmos&#8220; gibt`s eine Buchvorstellung, sowie Botschaften von &#8222;au\u00dferhalb&#8220;, und diesmal auch von &#8222;innerhalb&#8220; der Erde zur aktuellen Lage von uns Menschen und der Erde. www.paoweb.org<\/p>\n<p>&nbsp;<\/p>\n<p>Hier ist ein Auszug von der Exopolitik Deutschland-Website zur Besprechung dieses sehr wichtigen Buches, das im Februar 2012 in Deutsch erschienen ist:<\/p>\n<p>&nbsp;<\/p>\n<p>&#8222;2011 sorgte Leslie Keans Buch &#8218;UFOs &#8211; Generals, Pilots and Government Officials go on the Record&#8216; in den USA f\u00fcr Furore. Selbst renommierte Wissenschaftler wie Physiker Michio Kaku lobten das Buch, welches sich auch auf der Bestsellerliste der New York Times wiederfand. Das von einigen als &#8218;Goldstandard&#8216; der UFO-Literatur bezeichnete Buch ist jetzt auch auf Deutsch erh\u00e4ltlich.<\/p>\n<p>In den letzten Jahren hat sich in den USA die \u00f6ffentliche Diskussion um die UFO-Thematik ver\u00e4ndert. Dass ein renommierter Nachrichtensender wie CNN eine objektive Sondersendung zu diesem Thema macht, in dem ein ehemaliger Gouverneur und ein Offizieller des britischen Verteidigungsministeriums eine Lanze f\u00fcr die freie UFO-Forschung brechen, w\u00e4re bei uns noch undenkbar.<\/p>\n<p>Die Versachlichung der Debatte ist das Resultat einer Entwicklung, die mit der Ver\u00f6ffentlichung der franz\u00f6sischen COMETA-Studie begann, mit dem Disclosure Project f\u00fcr Aufmerksamkeit sorgte und schlie\u00dflich mit Dokumentationen wie James Fox\u2019 &#8218;Out of the Blue&#8216; ein neues Qualit\u00e4tsniveau erreichte.<br \/>\nDie dreij\u00e4hrige Milit\u00e4rstudie &#8218;COMETA-Report&#8216; wurde 1999 von hochrangigen Milit\u00e4rs aus dem Umfeld des franz\u00f6sischen Verteidigungsministeriums verfasst. Die Schlussfolgerung der Verteidigungsexperten, dass es sich bei UFOs um intelligent gesteuerte Flugger\u00e4te nicht-irdischer Herkunft handele, war f\u00fcr die Journalistin und Radiomoderatorin Leslie Kean der Anlass, sich erstmals mit dem umstrittenen Thema UFOs zu besch\u00e4ftigen. Das Resultat von zehn Jahren ergebnisoffener Recherche ist ihr nun vorliegendes Buch. In der \u00f6ffentlichen Rezeption wurde es wesentlich ernster genommen als alle vorangegangenen Publikationen zu diesem Thema. Ein erster H\u00f6hepunkt war die zweist\u00fcndige Sondersendung &#8218;Secret Access: UFOs on the Record&#8216; auf dem History Channel, eine Dokumentation, die ma\u00dfgeblich auf den Untersuchungsergebnissen in Keans Buch basiert.<\/p>\n<p>Neue Qualit\u00e4t in der UFO-Forschung<\/p>\n<p>&#8222;Endlich ein seri\u00f6ses und gut durchdachtes Buch zu diesem umstrittenen Thema. F\u00fcr Skeptiker wie \u00dcberzeugte eine wahre Fundgrube an aufschlussreichen und \u00fcberraschenden Informationen. Es wird in der UFO-Forschung sicherlich neue Ma\u00dfst\u00e4be setzen.\u201c<br \/>\n(Prof. Michio Kaku, Physiker und Mitbegr\u00fcnder der Stringfieldtheorie, SFT)<\/p>\n<p>Gut durchdacht ist das Buch in erster Linie, weil Kean den milit\u00e4rischen Zeugenaussagen in Ihrem Buch weit mehr Platz einr\u00e4umt als andere Autoren. Statt selbst Schlussfolgerungen zu ziehen, \u00fcberl\u00e4sst Kean es den Zeugen, ihre Erlebnisse und Schl\u00fcsse zu schildern. Die Anzahl und Qualit\u00e4t ihrer Zeugen ist beachtlich:<\/p>\n<p>\u2022 Wilfried de Brouwer, Generalmajor a.D. der belgischen Luftwaffe,<br \/>\n\u2022 Hauptmann J\u00falio Miguel Guerra, Pilot der portugiesischen Luftwaffe,<br \/>\n\u2022 Dr. Richard Haines, ehem. NASA-Forschungsgruppenleiter,<br \/>\n\u2022 Parwis Dschafari, General a.D. der iranischen Luftwaffe,<br \/>\n\u2022 Oscar Santa Maria Huertas, Oberst a.D. der peruanischen Luftwaffe,<br \/>\n\u2022 Denis Letty, Generalmajor a.D. der franz\u00f6sischen Luftwaffe und Vorsitzender der COMETA-Kommission,<br \/>\n\u2022 Jean-Jacques Valesco, ehem. Ingenieur der franz\u00f6sischen Raumfahrtagentur CNES und Leiter der UFO-Forschungsgruppe der CNES,<br \/>\n\u2022 Nick Pope, ehem. Direktor der Verteidigungssicherheit und 1991-1994 Leiter der UFO-Forschungsstabes des Britischen Verteidigungsministeriums,<br \/>\n\u2022 Ricardo Berm\u00fadez Sanhueza, General a.D. der chilenischen Luftwaffe und Mitbegr\u00fcnder und Pr\u00e4sident des Komitees zur Untersuchung anomaler Luftph\u00e4nomene (CEFAA) der nationalen Luftfahrtbeh\u00f6rde FAA,<br \/>\n\u2022 Rodrigo Bravo Garrido, Flugkapit\u00e4n der chilenischen Luftbrigade,<br \/>\n\u2022 Jos\u00e9 Carlos Pereira, Brigadegeneral a.D. der brasilianischen Luftwaffe,<br \/>\n\u2022 John J. Callahan, ehem. Leiter der Flugsicherung der amerikanischen Luftfahrtbeh\u00f6rde FAA,<br \/>\n\u2022 Fife Symington III., ehem. Gouverneur von Arizona und<br \/>\n\u2022 Charles I. Halt, Oberst a.D. der RAF<\/p>\n<p>Das Buch kann auf der Webseite des KOPP-Verlags bestellt werden.&#8220; www.kopp-verlag.de<\/p>\n<p>Quelle: www.exopolitik.org\/exopolitik-und-ufos\/exopolitik\/702-buchbesprechung-ufos-generaele-piloten-und-regierungsvertreter-brechen-ihr-schweigen<\/p>\n","protected":false},"excerpt":{"rendered":"<p>Aufruf aus dem Kosmos: &#8222;Friede \u00fcber alle Grenzen!&#8220; am 26. Mai 2012 von 18 &#8211; 19 Uhr in der Radiofabrik Salzburg, mit Claus Gomig www.aeri.at und www.wahrheitsnetz.com &nbsp; &nbsp; In dieser Ausgabe der Sendung &#8222;Aufruf aus dem Kosmos&#8220; gibt`s eine &hellip; <a href=\"https:\/\/blog.radiofabrik.at\/kosmos\/2012\/05\/25\/buchvorstellung-ufos-generale-piloten-und-regierungsvertreter-brechen-ihr-schweigen\/\">Weiterlesen <span class=\"meta-nav\">&rarr;<\/span><\/a><\/p>\n","protected":false},"author":129,"featured_media":0,"comment_status":"open","ping_status":"open","sticky":false,"template":"","format":"standard","meta":{"footnotes":""},"categories":[1],"tags":[],"class_list":["post-7","post","type-post","status-publish","format-standard","hentry","category-uncategorized"],"_links":{"self":[{"href":"https:\/\/blog.radiofabrik.at\/kosmos\/wp-json\/wp\/v2\/posts\/7","targetHints":{"allow":["GET"]}}],"collection":[{"href":"https:\/\/blog.radiofabrik.at\/kosmos\/wp-json\/wp\/v2\/posts"}],"about":[{"href":"https:\/\/blog.radiofabrik.at\/kosmos\/wp-json\/wp\/v2\/types\/post"}],"author":[{"embeddable":true,"href":"https:\/\/blog.radiofabrik.at\/kosmos\/wp-json\/wp\/v2\/users\/129"}],"replies":[{"embeddable":true,"href":"https:\/\/blog.radiofabrik.at\/kosmos\/wp-json\/wp\/v2\/comments?post=7"}],"version-history":[{"count":8,"href":"https:\/\/blog.radiofabrik.at\/kosmos\/wp-json\/wp\/v2\/posts\/7\/revisions"}],"predecessor-version":[{"id":21,"href":"https:\/\/blog.radiofabrik.at\/kosmos\/wp-json\/wp\/v2\/posts\/7\/revisions\/21"}],"wp:attachment":[{"href":"https:\/\/blog.radiofabrik.at\/kosmos\/wp-json\/wp\/v2\/media?parent=7"}],"wp:term":[{"taxonomy":"category","embeddable":true,"href":"https:\/\/blog.radiofabrik.at\/kosmos\/wp-json\/wp\/v2\/categories?post=7"},{"taxonomy":"post_tag","embeddable":true,"href":"https:\/\/blog.radiofabrik.at\/kosmos\/wp-json\/wp\/v2\/tags?post=7"}],"curies":[{"name":"wp","href":"https:\/\/api.w.org\/{rel}","templated":true}]}}