{"id":1062,"date":"2026-05-01T14:19:31","date_gmt":"2026-05-01T13:19:31","guid":{"rendered":"https:\/\/blog.radiofabrik.at\/leuchtturm\/?p=1062"},"modified":"2026-05-01T14:21:01","modified_gmt":"2026-05-01T13:21:01","slug":"lt125-chernobyl","status":"publish","type":"post","link":"https:\/\/blog.radiofabrik.at\/leuchtturm\/2026\/05\/01\/lt125-chernobyl\/","title":{"rendered":"lt125-Chernobyl"},"content":{"rendered":"<h2><strong>Chernobyl &#8211; 40 Jahre danach<\/strong><\/h2>\n<p><img loading=\"lazy\" decoding=\"async\" class=\"size-medium wp-image-1063 alignleft\" src=\"https:\/\/blog.radiofabrik.at\/leuchtturm\/files\/2026\/05\/atomkraft-nein-danke-300x298.jpg\" alt=\"\" width=\"300\" height=\"298\" srcset=\"https:\/\/blog.radiofabrik.at\/leuchtturm\/files\/2026\/05\/atomkraft-nein-danke-300x298.jpg 300w, https:\/\/blog.radiofabrik.at\/leuchtturm\/files\/2026\/05\/atomkraft-nein-danke-150x150.jpg 150w, https:\/\/blog.radiofabrik.at\/leuchtturm\/files\/2026\/05\/atomkraft-nein-danke.jpg 564w\" sizes=\"auto, (max-width: 300px) 100vw, 300px\" \/><\/p>\n<p>Seit der Reaktorkatastrophe von Chernobyl im Jahre 1986 sind nunmehr schon \u00fcber 4 Jahrzehnte vergangen. Wir haben die damals ausgetretenen und \u00fcber die Luft und den Regen verbreiteten radioaktiven Teilchen immer noch messbar und zum Teil in Konzentrationen \u00fcber dem Grenzwert in unserer Gegend.<\/p>\n<p>In dieser Sendung wollen wir uns nun damit besch\u00e4ftigen, wie es damals war, wie es heute ist und was wir aus den Erfahrungen lernen k\u00f6nnen, bzw. wie wir uns sch\u00fctzen k\u00f6nnen.<br \/>\nDenn die Gefahr von weiteren nuklearen Katastrophen ist gerade heute ja sehr hoch \u2013 von Atomkraftwerken im Kriegsgebiet \u00fcber unsichere Atomreaktoren in Betrieb, Atomm\u00fcll, bis hin zur Gefahr von Atombomben und deren verheerende Auswirkungen.<\/p>\n<p>Ausstrahlung: Radiofabrik Salzburg 1.5.2026 18:00-19:00<\/p>\n","protected":false},"excerpt":{"rendered":"<p>Chernobyl &#8211; 40 Jahre danach Seit der Reaktorkatastrophe von Chernobyl im Jahre 1986 sind nunmehr schon \u00fcber 4 Jahrzehnte vergangen. Wir haben die damals ausgetretenen und \u00fcber die Luft und den Regen verbreiteten radioaktiven Teilchen immer noch messbar und zum &hellip; <a href=\"https:\/\/blog.radiofabrik.at\/leuchtturm\/2026\/05\/01\/lt125-chernobyl\/\">Weiterlesen <span class=\"meta-nav\">&rarr;<\/span><\/a><\/p>\n","protected":false},"author":729,"featured_media":0,"comment_status":"open","ping_status":"open","sticky":false,"template":"","format":"standard","meta":{"footnotes":""},"categories":[1],"tags":[],"class_list":["post-1062","post","type-post","status-publish","format-standard","hentry","category-uncategorized"],"_links":{"self":[{"href":"https:\/\/blog.radiofabrik.at\/leuchtturm\/wp-json\/wp\/v2\/posts\/1062","targetHints":{"allow":["GET"]}}],"collection":[{"href":"https:\/\/blog.radiofabrik.at\/leuchtturm\/wp-json\/wp\/v2\/posts"}],"about":[{"href":"https:\/\/blog.radiofabrik.at\/leuchtturm\/wp-json\/wp\/v2\/types\/post"}],"author":[{"embeddable":true,"href":"https:\/\/blog.radiofabrik.at\/leuchtturm\/wp-json\/wp\/v2\/users\/729"}],"replies":[{"embeddable":true,"href":"https:\/\/blog.radiofabrik.at\/leuchtturm\/wp-json\/wp\/v2\/comments?post=1062"}],"version-history":[{"count":2,"href":"https:\/\/blog.radiofabrik.at\/leuchtturm\/wp-json\/wp\/v2\/posts\/1062\/revisions"}],"predecessor-version":[{"id":1065,"href":"https:\/\/blog.radiofabrik.at\/leuchtturm\/wp-json\/wp\/v2\/posts\/1062\/revisions\/1065"}],"wp:attachment":[{"href":"https:\/\/blog.radiofabrik.at\/leuchtturm\/wp-json\/wp\/v2\/media?parent=1062"}],"wp:term":[{"taxonomy":"category","embeddable":true,"href":"https:\/\/blog.radiofabrik.at\/leuchtturm\/wp-json\/wp\/v2\/categories?post=1062"},{"taxonomy":"post_tag","embeddable":true,"href":"https:\/\/blog.radiofabrik.at\/leuchtturm\/wp-json\/wp\/v2\/tags?post=1062"}],"curies":[{"name":"wp","href":"https:\/\/api.w.org\/{rel}","templated":true}]}}