{"id":221,"date":"2014-12-17T19:28:23","date_gmt":"2014-12-17T18:28:23","guid":{"rendered":"http:\/\/blog.radiofabrik.at\/menschen-in-aktion\/?p=221"},"modified":"2014-12-17T19:55:19","modified_gmt":"2014-12-17T18:55:19","slug":"im-roma-ghetto-von-stolipinovo","status":"publish","type":"post","link":"https:\/\/blog.radiofabrik.at\/menschen-in-aktion\/2014\/12\/17\/im-roma-ghetto-von-stolipinovo\/","title":{"rendered":"Im Roma-Ghetto von Stolipinovo"},"content":{"rendered":"<p><a href=\"https:\/\/blog.radiofabrik.at\/menschen-in-aktion\/files\/2012\/01\/Blume-im-Ohr_MiABild-e1418839129542.jpg\"><img loading=\"lazy\" decoding=\"async\" class=\"alignleft  wp-image-73\" src=\"https:\/\/blog.radiofabrik.at\/menschen-in-aktion\/files\/2012\/01\/Blume-im-Ohr_MiABild-e1418839129542.jpg\" alt=\"Blume-im-Ohr_MiABild.jpg\" width=\"82\" height=\"106\" \/><\/a>Jugendliche, die das eigene Stadtviertel noch nie verlassen haben. Kinder, die nicht ins \u00f6ffentliche Schwimmbad d\u00fcrfen, weil sie Roma sind. M\u00e4dchen und Jungen, die in eine Gesellschaft mit einer Arbeitslosenrate von 95 Prozent hineinwachsen. Stolipinovo ist das gr\u00f6\u00dfte Roma-Viertel auf dem Balkan. Wer hier aufw\u00e4chst, macht fr\u00fch die Erfahrungen von Diskriminierung und Ausgrenzung. Der Jugendclub Roma-Stolipinovo und sein Direktor Asen Karagyosov m\u00f6chten gerade deshalb diese Jugendlichen\u00a0 st\u00e4rken. Das Interview mit Asen Karagyosov entstand im Rahmen eines Besuches von VertreterInnen der Plattform f\u00fcr Menschenrechte Salzburg in\u00a0 Stolipiniovo in Bulgarien.<\/p>\n<address>\n<!-- iframe plugin v.6.0 wordpress.org\/plugins\/iframe\/ -->\n<iframe loading=\"lazy\" src=\"http:\/\/cba.fro.at\/275926\/embed?&#038;waveform=false&#038;socialmedia=true&#038;subscribe=true&#038;series_link=true\" width=\"100%\" height=\"148\" style=\"border:none; width:100%; height:148px;\" scrolling=\"yes\" class=\"iframe-class\" frameborder=\"0\"><\/iframe>\n<\/address>\n","protected":false},"excerpt":{"rendered":"<p>Jugendliche, die das eigene Stadtviertel noch nie verlassen haben. Kinder, die nicht ins \u00f6ffentliche Schwimmbad d\u00fcrfen, weil sie Roma sind. M\u00e4dchen und Jungen, die in eine Gesellschaft mit einer Arbeitslosenrate von 95 Prozent hineinwachsen. Stolipinovo ist das gr\u00f6\u00dfte Roma-Viertel auf &hellip; <a href=\"https:\/\/blog.radiofabrik.at\/menschen-in-aktion\/2014\/12\/17\/im-roma-ghetto-von-stolipinovo\/\">Weiterlesen <span class=\"meta-nav\">&rarr;<\/span><\/a><\/p>\n","protected":false},"author":170,"featured_media":73,"comment_status":"closed","ping_status":"closed","sticky":false,"template":"","format":"standard","meta":{"jetpack_post_was_ever_published":false,"_jetpack_newsletter_access":"","_jetpack_dont_email_post_to_subs":false,"_jetpack_newsletter_tier_id":0,"_jetpack_memberships_contains_paywalled_content":false,"_jetpack_memberships_contains_paid_content":false,"footnotes":"","jetpack_publicize_message":"","jetpack_publicize_feature_enabled":true,"jetpack_social_post_already_shared":false,"jetpack_social_options":{"image_generator_settings":{"template":"highway","default_image_id":0,"font":"","enabled":false},"version":2}},"categories":[1],"tags":[30176,30177,32828,15755,32830,10553,32832],"class_list":["post-221","post","type-post","status-publish","format-standard","has-post-thumbnail","hentry","category-uncategorized","tag-armutsmigration","tag-betteln","tag-bulgarien","tag-diskriminierung","tag-plattform-fuer-menschenrechte","tag-roma","tag-stolipinovo"],"jetpack_publicize_connections":[],"jetpack_featured_media_url":"https:\/\/blog.radiofabrik.at\/menschen-in-aktion\/files\/2012\/01\/Blume-im-Ohr_MiABild-e1418839129542.jpg","jetpack_sharing_enabled":true,"jetpack_shortlink":"https:\/\/wp.me\/p5uacT-3z","_links":{"self":[{"href":"https:\/\/blog.radiofabrik.at\/menschen-in-aktion\/wp-json\/wp\/v2\/posts\/221","targetHints":{"allow":["GET"]}}],"collection":[{"href":"https:\/\/blog.radiofabrik.at\/menschen-in-aktion\/wp-json\/wp\/v2\/posts"}],"about":[{"href":"https:\/\/blog.radiofabrik.at\/menschen-in-aktion\/wp-json\/wp\/v2\/types\/post"}],"author":[{"embeddable":true,"href":"https:\/\/blog.radiofabrik.at\/menschen-in-aktion\/wp-json\/wp\/v2\/users\/170"}],"replies":[{"embeddable":true,"href":"https:\/\/blog.radiofabrik.at\/menschen-in-aktion\/wp-json\/wp\/v2\/comments?post=221"}],"version-history":[{"count":6,"href":"https:\/\/blog.radiofabrik.at\/menschen-in-aktion\/wp-json\/wp\/v2\/posts\/221\/revisions"}],"predecessor-version":[{"id":228,"href":"https:\/\/blog.radiofabrik.at\/menschen-in-aktion\/wp-json\/wp\/v2\/posts\/221\/revisions\/228"}],"wp:featuredmedia":[{"embeddable":true,"href":"https:\/\/blog.radiofabrik.at\/menschen-in-aktion\/wp-json\/wp\/v2\/media\/73"}],"wp:attachment":[{"href":"https:\/\/blog.radiofabrik.at\/menschen-in-aktion\/wp-json\/wp\/v2\/media?parent=221"}],"wp:term":[{"taxonomy":"category","embeddable":true,"href":"https:\/\/blog.radiofabrik.at\/menschen-in-aktion\/wp-json\/wp\/v2\/categories?post=221"},{"taxonomy":"post_tag","embeddable":true,"href":"https:\/\/blog.radiofabrik.at\/menschen-in-aktion\/wp-json\/wp\/v2\/tags?post=221"}],"curies":[{"name":"wp","href":"https:\/\/api.w.org\/{rel}","templated":true}]}}