{"id":10327,"date":"2026-05-01T18:06:48","date_gmt":"2026-05-01T18:06:48","guid":{"rendered":"https:\/\/blog.radiofabrik.at\/nachtfahrt\/?p=10327"},"modified":"2026-05-01T18:06:48","modified_gmt":"2026-05-01T18:06:48","slug":"vom-fallen-zum-fliegen","status":"publish","type":"post","link":"https:\/\/blog.radiofabrik.at\/nachtfahrt\/uncategorized\/vom-fallen-zum-fliegen\/","title":{"rendered":"Vom Fallen zum Fliegen"},"content":{"rendered":"<p><strong>Perlentaucher Nachtfahrt am Freitag, 8. Mai um 22:06 Uhr<\/strong> &#8211; Es gibt <strong>zwei Formen menschlicher Bewegung<\/strong> (oder besser Bewegtheit?), bei denen wir <em>\u201cden Boden unter den F\u00fc\u00dfen verlieren\u201d<\/em> oder aber<em> \u201cdas Gewohnte hinter uns lassen, weil wir bemerken, dass uns Fl\u00fcgel wachsen\u201d.<\/em> Beiden gemeinsam ist <em>\u201cdie etwas (eigentlich sogar sehr) andere Fortbewegung\u201d<\/em>\u00a0&#8211; n\u00e4mlich durch die Luft. <strong>Der Unterschied zwischen Fliegen<\/strong> <strong>und Fallen<\/strong> besteht lediglich in der <strong>bewussten Steuerbarkeit<\/strong>. W\u00e4hrend <strong>das Fallen<\/strong> (hier kommt auch <em><strong>\u201cfallen gelassen werden\u201d<\/strong><\/em> ins Spiel) <strong>ein passiver Vorgang<\/strong> ist (es passiert uns), wird <strong>das Fliegen<\/strong> als <strong>eine aktive Handlung<\/strong> begriffen, bei der wir <strong>uns entscheiden<\/strong> k\u00f6nnen, wie und womit wir uns <strong>\u00fcber die Hindernisse erheben<\/strong> und <strong>die Distanz<\/strong> zwischen uns und unserem Ziel \u00fcberwinden. Doch was ist mit <strong>dem Landen?<\/strong><\/p>\n<p><a href=\"https:\/\/blog.radiofabrik.at\/nachtfahrt\/files\/2026\/05\/Vom-Fallen-zum-Fliegen-1.jpg\"><img loading=\"lazy\" decoding=\"async\" class=\"alignleft size-medium wp-image-10333\" src=\"https:\/\/blog.radiofabrik.at\/nachtfahrt\/files\/2026\/05\/Vom-Fallen-zum-Fliegen-1-300x225.jpg\" alt=\"Vom Fallen zum Fliegen\" width=\"300\" height=\"225\" srcset=\"https:\/\/blog.radiofabrik.at\/nachtfahrt\/files\/2026\/05\/Vom-Fallen-zum-Fliegen-1-300x225.jpg 300w, https:\/\/blog.radiofabrik.at\/nachtfahrt\/files\/2026\/05\/Vom-Fallen-zum-Fliegen-1-1024x768.jpg 1024w, https:\/\/blog.radiofabrik.at\/nachtfahrt\/files\/2026\/05\/Vom-Fallen-zum-Fliegen-1-768x576.jpg 768w, https:\/\/blog.radiofabrik.at\/nachtfahrt\/files\/2026\/05\/Vom-Fallen-zum-Fliegen-1-1536x1152.jpg 1536w, https:\/\/blog.radiofabrik.at\/nachtfahrt\/files\/2026\/05\/Vom-Fallen-zum-Fliegen-1-2048x1536.jpg 2048w, https:\/\/blog.radiofabrik.at\/nachtfahrt\/files\/2026\/05\/Vom-Fallen-zum-Fliegen-1-400x300.jpg 400w\" sizes=\"auto, (max-width: 300px) 100vw, 300px\" \/><\/a><em>&#8222;Das Leben ist seinem inneren Wesen nach ein st\u00e4ndiger Schiffbruch. <strong>Aber schiffbr\u00fcchig sein hei\u00dft: nicht ertrinken<\/strong>. <strong>Das Gef\u00fchl des Schiffbruchs<\/strong>, da es die Wahrheit des Lebens ist, <strong>bedeutet schon die Rettung<\/strong>. Und darum glaube ich einzig an die Gedanken Scheiternder.&#8220;<\/em><\/p>\n<p><a href=\"https:\/\/de.wikipedia.org\/wiki\/Jos%C3%A9_Ortega_y_Gasset\" target=\"_blank\" rel=\"noopener\"><strong>Jos\u00e9 Ortega y Gasset<\/strong><\/a><\/p>\n<p><strong>Mit dem Gef\u00fchl,<\/strong> <strong>zu fallen<\/strong> (und zwar ins Bodenlose) kenn ich mich aus. Es ist stets verbunden mit <strong>dem Gef\u00fchl<\/strong>, <strong>nicht gehalten<\/strong> und auch <strong>nicht aufgefangen<\/strong> zu werden. Dadurch <strong>f\u00fchlt es sich wie<\/strong> (von jemandem) <strong>fallengelassen werden an<\/strong>. In weiterer Folge <strong>wie<\/strong> (von jemandem) <strong>weggeworfen und in einen Abgrund<\/strong> ohne Aussicht auf Wiederkehr <strong>hineingest\u00fcrzt worden zu sein<\/strong>. Merkt ihr, wie hier <strong>das passive Erleiden<\/strong> nach <strong>seiner aktiven Verursachung<\/strong> fragt: <em><strong>\u201c<\/strong><strong>Wer hat mir das angetan?\u201d<\/strong><\/em> Als das Kind ein Kind war, hat es <strong>das alles genau so<\/strong> erlebt und empfunden. <strong>Doch\u00a0was ist heute?<\/strong><\/p>\n<p><a href=\"https:\/\/blog.radiofabrik.at\/nachtfahrt\/files\/2026\/05\/Vom-Fallen-zum-Fliegen-2.jpg\"><img loading=\"lazy\" decoding=\"async\" class=\"alignleft size-medium wp-image-10336\" src=\"https:\/\/blog.radiofabrik.at\/nachtfahrt\/files\/2026\/05\/Vom-Fallen-zum-Fliegen-2-300x225.jpg\" alt=\"Vom Fallen zum Fliegen\" width=\"300\" height=\"225\" srcset=\"https:\/\/blog.radiofabrik.at\/nachtfahrt\/files\/2026\/05\/Vom-Fallen-zum-Fliegen-2-300x225.jpg 300w, https:\/\/blog.radiofabrik.at\/nachtfahrt\/files\/2026\/05\/Vom-Fallen-zum-Fliegen-2-1024x768.jpg 1024w, https:\/\/blog.radiofabrik.at\/nachtfahrt\/files\/2026\/05\/Vom-Fallen-zum-Fliegen-2-768x576.jpg 768w, https:\/\/blog.radiofabrik.at\/nachtfahrt\/files\/2026\/05\/Vom-Fallen-zum-Fliegen-2-1536x1152.jpg 1536w, https:\/\/blog.radiofabrik.at\/nachtfahrt\/files\/2026\/05\/Vom-Fallen-zum-Fliegen-2-2048x1536.jpg 2048w, https:\/\/blog.radiofabrik.at\/nachtfahrt\/files\/2026\/05\/Vom-Fallen-zum-Fliegen-2-400x300.jpg 400w\" sizes=\"auto, (max-width: 300px) 100vw, 300px\" \/><\/a><em><strong>Einschub zwecks Steigerung der Spannung:<\/strong><\/em> Wer wei\u00df, was <strong>das<\/strong> f\u00fcr <strong>ein sch\u00f6ner Regenbogen<\/strong> ist &#8211; und <strong>weshalb und seit wann<\/strong> der hier an dem T\u00fcrmchen neben der <strong>Ausfahrt der Garage vom Barmherzigen-Br\u00fcder-Spital<\/strong> angebracht ist? <strong>Die \u00fcberraschende Antwort<\/strong> findet sich in dem Buch <a href=\"https:\/\/de.cba.media\/707530\" target=\"_blank\" rel=\"noopener\"><strong>\u201cERINNERN STADT VERGESSEN\u201d<\/strong><\/a> aus dem <strong>Mosaik-Verlag<\/strong>. Und auch <a href=\"https:\/\/www.worteimdunkel.at\/?p=8027\" target=\"_blank\" rel=\"noopener\"><strong>in diesem Link<\/strong> &#8230;<\/a><\/p>\n<p><strong>Zwischen dem Fallen und dem Fliegen kommt das Landen<\/strong>. <strong>Das Zwischenlanden zun\u00e4chst<\/strong>. Lange Zeit hat <strong>das ehemalige Kind<\/strong> immer dann, wenn es sich <strong>im Gef\u00fchl des Fallens<\/strong> wiederfand, versucht, <strong>aus dieser Bewegung des Abst\u00fcrzens direkt in eine Bewegung des Fliegens \u00fcberzugehen<\/strong>. Was soll ich sagen &#8211; es war <strong>ungeheuer anstrengend<\/strong>, hat letzten Endes <strong>nicht funktioniert<\/strong>, und die dabei eingesetzten <strong>Mittel<\/strong> haben sich mit der Zeit <strong>als ungesund erwiesen<\/strong>. Inzwischen hat es <strong>gelernt<\/strong>, <strong>bei sich selbst innezuhalten<\/strong>, also <strong>dort zu landen<\/strong>, <strong>wo das Leben und das \u00dcberleben sind<\/strong>.<\/p>\n<p><a href=\"https:\/\/blog.radiofabrik.at\/nachtfahrt\/files\/2026\/05\/Vom-Fallen-zum-Fliegen-3.jpg\"><img loading=\"lazy\" decoding=\"async\" class=\"alignleft size-medium wp-image-10345\" src=\"https:\/\/blog.radiofabrik.at\/nachtfahrt\/files\/2026\/05\/Vom-Fallen-zum-Fliegen-3-300x225.jpg\" alt=\"Vom Fallen zum Fliegen\" width=\"300\" height=\"225\" srcset=\"https:\/\/blog.radiofabrik.at\/nachtfahrt\/files\/2026\/05\/Vom-Fallen-zum-Fliegen-3-300x225.jpg 300w, https:\/\/blog.radiofabrik.at\/nachtfahrt\/files\/2026\/05\/Vom-Fallen-zum-Fliegen-3-1024x768.jpg 1024w, https:\/\/blog.radiofabrik.at\/nachtfahrt\/files\/2026\/05\/Vom-Fallen-zum-Fliegen-3-768x576.jpg 768w, https:\/\/blog.radiofabrik.at\/nachtfahrt\/files\/2026\/05\/Vom-Fallen-zum-Fliegen-3-1536x1152.jpg 1536w, https:\/\/blog.radiofabrik.at\/nachtfahrt\/files\/2026\/05\/Vom-Fallen-zum-Fliegen-3-2048x1536.jpg 2048w, https:\/\/blog.radiofabrik.at\/nachtfahrt\/files\/2026\/05\/Vom-Fallen-zum-Fliegen-3-400x300.jpg 400w\" sizes=\"auto, (max-width: 300px) 100vw, 300px\" \/><\/a>Und <strong>von da aus<\/strong> und immer wieder <strong>von da aus<\/strong> kann es <strong>beginnen<\/strong>, die schier <strong>unendlichen M\u00f6glichkeiten<\/strong>, die in seiner <strong>Lebenskraft<\/strong>, in seiner <strong>Lebensweisheit<\/strong> und in seiner alles umfangen wollenden <strong>Lebendigkeit<\/strong> schon immer <strong>vorhanden waren<\/strong> und <strong>vorhanden sind<\/strong> und ja, <strong>vorhanden sein werden<\/strong> &#8230; <em><strong>von Grund auf neu und unverbeult<\/strong><\/em> &#8230; <strong>auszuprobieren<\/strong> <strong>und mit ihnen herum zu spielen<\/strong>, <strong>bis es sie gezielt anwenden kann<\/strong>.<\/p>\n<p><strong>Die Unendlichkeit des Lebens in dir selbst<\/strong>. <strong>Das ist<\/strong> <a href=\"https:\/\/www.somaticexperiencing.at\/somatic-experiencing\/methode\/\" target=\"_blank\" rel=\"noopener\"><em><strong>die Ressource<\/strong><\/em>,<\/a> <strong>ohne deren Erschlie\u00dfung kein kompliziertes fr\u00fchkindliches Trauma <a href=\"https:\/\/www.somaticexperiencing.at\/somatic-experiencing\/methode\/\" target=\"_blank\" rel=\"noopener\"><em>\u201cneu verhandelt\u201d<\/em><\/a><\/strong> <strong>werden kann<\/strong>. <strong>Und seien wir ehrlich<\/strong>,<strong> wir<\/strong>, <strong>die wir <em>aus Zivilisationistan<\/em> kommen<\/strong>, <strong>haben das alle<\/strong>. Das Fliegen(k\u00f6nnen) aber, wie ich es verstehe, das sich aus <strong>immer wieder von neuem Gelandetsein<\/strong> ergibt, das hat nichts mit chemisch induziertem <strong>\u00dcberfliegertum<\/strong> zu tun. Es kann <strong>vielmehr<\/strong> sein, dass einem <strong>dadurch Fl\u00fcgel wachsen<\/strong>, <strong>dass das Herz als zahllose rote F\u00fchler<\/strong> durch die Rippen <strong>kommt<\/strong>, <strong>um einen Menschen zu ber\u00fchren<\/strong>.<\/p>\n<p>&nbsp;<\/p>\n<p><a href=\"https:\/\/www.youtube.com\/watch?v=mcA3HL9xrN8\" target=\"_blank\" rel=\"noopener\"><strong>In diesem Sinne<\/strong><\/a><\/p>\n<p>&nbsp;<\/p>\n","protected":false},"excerpt":{"rendered":"<p>Perlentaucher Nachtfahrt am Freitag, 8. Mai um 22:06 Uhr &#8211; Es gibt zwei Formen menschlicher Bewegung (oder besser Bewegtheit?), bei denen wir \u201cden Boden unter den F\u00fc\u00dfen verlieren\u201d oder aber \u201cdas Gewohnte hinter uns lassen, weil wir bemerken, dass uns &hellip; <a href=\"https:\/\/blog.radiofabrik.at\/nachtfahrt\/uncategorized\/vom-fallen-zum-fliegen\/\">Weiterlesen <span class=\"meta-nav\">&rarr;<\/span><\/a><\/p>\n","protected":false},"author":5,"featured_media":0,"comment_status":"closed","ping_status":"open","sticky":false,"template":"","format":"standard","meta":{"footnotes":""},"categories":[4015,85,1,77,71],"tags":[7594,7593,4045,4035,4052,4019,4040,4043,22475,22564,4027],"class_list":["post-10327","post","type-post","status-publish","format-standard","hentry","category-in-produktion","category-konzept","category-uncategorized","category-projekt","category-sendung","tag-auf-der-suche","tag-aufbruch","tag-be-greifen","tag-das-leben-lebt","tag-empowerment","tag-inclusion","tag-selbsterkenntnis","tag-tot-leben","tag-traumweltreisen","tag-uebergaenge","tag-verwandeln"],"aioseo_notices":[],"_links":{"self":[{"href":"https:\/\/blog.radiofabrik.at\/nachtfahrt\/wp-json\/wp\/v2\/posts\/10327","targetHints":{"allow":["GET"]}}],"collection":[{"href":"https:\/\/blog.radiofabrik.at\/nachtfahrt\/wp-json\/wp\/v2\/posts"}],"about":[{"href":"https:\/\/blog.radiofabrik.at\/nachtfahrt\/wp-json\/wp\/v2\/types\/post"}],"author":[{"embeddable":true,"href":"https:\/\/blog.radiofabrik.at\/nachtfahrt\/wp-json\/wp\/v2\/users\/5"}],"replies":[{"embeddable":true,"href":"https:\/\/blog.radiofabrik.at\/nachtfahrt\/wp-json\/wp\/v2\/comments?post=10327"}],"version-history":[{"count":27,"href":"https:\/\/blog.radiofabrik.at\/nachtfahrt\/wp-json\/wp\/v2\/posts\/10327\/revisions"}],"predecessor-version":[{"id":10359,"href":"https:\/\/blog.radiofabrik.at\/nachtfahrt\/wp-json\/wp\/v2\/posts\/10327\/revisions\/10359"}],"wp:attachment":[{"href":"https:\/\/blog.radiofabrik.at\/nachtfahrt\/wp-json\/wp\/v2\/media?parent=10327"}],"wp:term":[{"taxonomy":"category","embeddable":true,"href":"https:\/\/blog.radiofabrik.at\/nachtfahrt\/wp-json\/wp\/v2\/categories?post=10327"},{"taxonomy":"post_tag","embeddable":true,"href":"https:\/\/blog.radiofabrik.at\/nachtfahrt\/wp-json\/wp\/v2\/tags?post=10327"}],"curies":[{"name":"wp","href":"https:\/\/api.w.org\/{rel}","templated":true}]}}