{"id":19,"date":"2016-03-13T23:43:33","date_gmt":"2016-03-13T21:43:33","guid":{"rendered":"http:\/\/blog.radiofabrik.at\/namaste\/?p=19"},"modified":"2016-03-13T23:57:16","modified_gmt":"2016-03-13T21:57:16","slug":"yin-und-yang","status":"publish","type":"post","link":"https:\/\/blog.radiofabrik.at\/namaste\/2016\/03\/13\/yin-und-yang\/","title":{"rendered":"Yin und Yang"},"content":{"rendered":"<p>Der \u00dcbergang vom Winter zu Fr\u00fchling ist eine spannende Zeit, kalt warm, immer heller aber doch noch dunkel, wenn sich die schwarz wei\u00df entkleidete Natur langsam in buntere Gew\u00e4nder h\u00fcllt. Eine Zeit der Gegens\u00e4tze, einerseits, andererseits auch die Zeit, in der klar wird, dass es immer beide Aspekte braucht, um ein Ganzes zu schaffen. Yin und Yang. Im idealen Zusammenspiel beider Kr\u00e4fte befindet sich das ganze jeweilige System, die Natur, der Mensch, der K\u00f6rper, in Harmonie. Im Alltag hei\u00dft das zum Beispiel, dass wir im dynamischen Aspekt von Yang Absichten setzen, Ziele formulieren, diese aber auch im Sinne von Yin loslassen k\u00f6nnen, um das Leben zu genie\u00dfen.<\/p>\n<p>Unsere heutige Welt, auch die Yoga-Welt, ist sehr Yang gepr\u00e4gt. Daraus erw\u00e4chst das Bed\u00fcrfnis nach mehr Yin. Daher habe ich ein entsprechende Ausbildung bei einer der f\u00fchrenden Lehrerinnen auf diesem Gebiet im deutschsprachigen Raum absolviert: <a href=\"http:\/\/www.tanjaseehofer.de\/\" target=\"_blank\">Tanja Seehofer<\/a>. Ich freue mich sehr, die bei ihr gelernten Inhalte und erlebten Erfahrungen im eigenen Yin Yoga Unterricht demn\u00e4chst weiterzugeben.<\/p>\n<p>Aber kein Yin ohne Yang , oder? Also fehlt da wer\u2026 Also dachte ich an\u2026 Barbara! <a href=\"http:\/\/www.bodymindyogasalzburg.at\/\" target=\"_blank\">Barbara Januschka<\/a> ist die einzige <a href=\"http:\/\/insideyoga.de\/events\/inside-flow\/\" target=\"_blank\">Inside Flow<\/a> Yogalehrerin in Salzburg, und ab 1. April\u00a0 unterrichten wir nacheinander jeweils eine dynamische Yang und eine entspannende Yin Stunde im Penthouse der <a href=\"http:\/\/www.inselsalzburg.at\/fotogalerie\/31-virtueller-rundgang.html\" target=\"_blank\">Insel der Jugend<\/a>.<\/p>\n","protected":false},"excerpt":{"rendered":"<p>Der \u00dcbergang vom Winter zu Fr\u00fchling ist eine spannende Zeit, kalt warm, immer heller aber doch noch dunkel, wenn sich die schwarz wei\u00df entkleidete Natur langsam in buntere Gew\u00e4nder h\u00fcllt. Eine Zeit der Gegens\u00e4tze, einerseits, andererseits auch die Zeit, in &hellip; <a href=\"https:\/\/blog.radiofabrik.at\/namaste\/2016\/03\/13\/yin-und-yang\/\">Weiterlesen <span class=\"meta-nav\">&rarr;<\/span><\/a><\/p>\n","protected":false},"author":701,"featured_media":0,"comment_status":"open","ping_status":"open","sticky":false,"template":"","format":"standard","meta":{"footnotes":""},"categories":[1],"tags":[34421],"class_list":["post-19","post","type-post","status-publish","format-standard","hentry","category-uncategorized","tag-yin-und-yang"],"_links":{"self":[{"href":"https:\/\/blog.radiofabrik.at\/namaste\/wp-json\/wp\/v2\/posts\/19","targetHints":{"allow":["GET"]}}],"collection":[{"href":"https:\/\/blog.radiofabrik.at\/namaste\/wp-json\/wp\/v2\/posts"}],"about":[{"href":"https:\/\/blog.radiofabrik.at\/namaste\/wp-json\/wp\/v2\/types\/post"}],"author":[{"embeddable":true,"href":"https:\/\/blog.radiofabrik.at\/namaste\/wp-json\/wp\/v2\/users\/701"}],"replies":[{"embeddable":true,"href":"https:\/\/blog.radiofabrik.at\/namaste\/wp-json\/wp\/v2\/comments?post=19"}],"version-history":[{"count":6,"href":"https:\/\/blog.radiofabrik.at\/namaste\/wp-json\/wp\/v2\/posts\/19\/revisions"}],"predecessor-version":[{"id":25,"href":"https:\/\/blog.radiofabrik.at\/namaste\/wp-json\/wp\/v2\/posts\/19\/revisions\/25"}],"wp:attachment":[{"href":"https:\/\/blog.radiofabrik.at\/namaste\/wp-json\/wp\/v2\/media?parent=19"}],"wp:term":[{"taxonomy":"category","embeddable":true,"href":"https:\/\/blog.radiofabrik.at\/namaste\/wp-json\/wp\/v2\/categories?post=19"},{"taxonomy":"post_tag","embeddable":true,"href":"https:\/\/blog.radiofabrik.at\/namaste\/wp-json\/wp\/v2\/tags?post=19"}],"curies":[{"name":"wp","href":"https:\/\/api.w.org\/{rel}","templated":true}]}}