{"id":52,"date":"2011-03-15T16:01:04","date_gmt":"2011-03-15T16:01:04","guid":{"rendered":"http:\/\/blog.radiofabrik.at\/planb-log\/?p=52"},"modified":"2012-08-21T13:44:41","modified_gmt":"2012-08-21T13:44:41","slug":"7-sendung-vom-12-02-2011","status":"publish","type":"post","link":"https:\/\/blog.radiofabrik.at\/planb-log\/2011\/03\/15\/7-sendung-vom-12-02-2011\/","title":{"rendered":"7. Sendung vom 12.02.2011"},"content":{"rendered":"<p>Zweite Sendung im Jahr 2011! Diesmal mit Stargast Sonny Edelmann! Also h\u00f6rt rein und freut euch!<\/p>\n<p>Thema der Sendung:<\/p>\n<p>Im Rahmen der Sendung spreche ich mit meinem Gast \u00fcber seine Fazination an Japen, was in ihm das Interesse f\u00fcr dieses Land geweckt hat, dann \u00fcber das Genre J-Rock, \u00fcber die Art, wie sich die Musiker dort nach au\u00dfen pr\u00e4sentieren, sowie \u00fcber die Kultur allgemein und die uns bekannten Mangas, \u00fcber die mein Gast Einiges zu berichten und richtig zu stellen hat. Nat\u00fcrlich ist in der Sendung auch wieder Die Reihe Was geschah am&#8230; dabei, die mein Gast und ich zusammen gestalten. Dazu gibt es jede Menge Musik, die zum Thema passt, aber auch viel, viel Anderes, was wir euch im Laufe der Sendung vorspielen! Wenn du so gro\u00df w\u00e4rst, wie bl\u00f6d, dann m\u00fcsste man dir das Essen mit einer Flak raufschie\u00dfen!<\/p>\n<p>Songs:<\/p>\n<p>Carpark North &#8211; Last Song<\/p>\n<p>D&#8217;Espairs Ray &#8211; Forbidden<\/p>\n<p>The Gazette &#8211; Cassis<\/p>\n<p>Jamie T &#8211; Sticks &#8217;n&#8216; Stones<\/p>\n<p>Filter &#8211; Hey Man, Nice Shot<\/p>\n<p>Architecture In Helsinki &#8211; Do The Whirlwind<\/p>\n<p>Mando Diao &#8211; If I Don&#8217;t Live Today, Then I Might Be Here Tomorrow<\/p>\n<p>&nbsp;<\/p>\n<p><a href=\"http:\/\/cba.fro.at\/43631\">Zum Nachh\u00f6ren<\/a><\/p>\n","protected":false},"excerpt":{"rendered":"<p>Zweite Sendung im Jahr 2011! Diesmal mit Stargast Sonny Edelmann! Also h\u00f6rt rein und freut euch! Thema der Sendung: Im Rahmen der Sendung spreche ich mit meinem Gast \u00fcber seine Fazination an Japen, was in ihm das Interesse f\u00fcr dieses &hellip; <a href=\"https:\/\/blog.radiofabrik.at\/planb-log\/2011\/03\/15\/7-sendung-vom-12-02-2011\/\">Weiterlesen <span class=\"meta-nav\">&rarr;<\/span><\/a><\/p>\n","protected":false},"author":168,"featured_media":0,"comment_status":"open","ping_status":"open","sticky":false,"template":"","format":"standard","meta":{"footnotes":""},"categories":[1],"tags":[],"class_list":["post-52","post","type-post","status-publish","format-standard","hentry","category-uncategorized"],"_links":{"self":[{"href":"https:\/\/blog.radiofabrik.at\/planb-log\/wp-json\/wp\/v2\/posts\/52","targetHints":{"allow":["GET"]}}],"collection":[{"href":"https:\/\/blog.radiofabrik.at\/planb-log\/wp-json\/wp\/v2\/posts"}],"about":[{"href":"https:\/\/blog.radiofabrik.at\/planb-log\/wp-json\/wp\/v2\/types\/post"}],"author":[{"embeddable":true,"href":"https:\/\/blog.radiofabrik.at\/planb-log\/wp-json\/wp\/v2\/users\/168"}],"replies":[{"embeddable":true,"href":"https:\/\/blog.radiofabrik.at\/planb-log\/wp-json\/wp\/v2\/comments?post=52"}],"version-history":[{"count":8,"href":"https:\/\/blog.radiofabrik.at\/planb-log\/wp-json\/wp\/v2\/posts\/52\/revisions"}],"predecessor-version":[{"id":56,"href":"https:\/\/blog.radiofabrik.at\/planb-log\/wp-json\/wp\/v2\/posts\/52\/revisions\/56"}],"wp:attachment":[{"href":"https:\/\/blog.radiofabrik.at\/planb-log\/wp-json\/wp\/v2\/media?parent=52"}],"wp:term":[{"taxonomy":"category","embeddable":true,"href":"https:\/\/blog.radiofabrik.at\/planb-log\/wp-json\/wp\/v2\/categories?post=52"},{"taxonomy":"post_tag","embeddable":true,"href":"https:\/\/blog.radiofabrik.at\/planb-log\/wp-json\/wp\/v2\/tags?post=52"}],"curies":[{"name":"wp","href":"https:\/\/api.w.org\/{rel}","templated":true}]}}