{"id":396,"date":"2018-03-19T07:32:34","date_gmt":"2018-03-19T06:32:34","guid":{"rendered":"http:\/\/blog.radiofabrik.at\/radio-andrae\/?p=396"},"modified":"2018-03-19T07:32:34","modified_gmt":"2018-03-19T06:32:34","slug":"so-wars-einmal-maerchenupdates-teil-2","status":"publish","type":"post","link":"https:\/\/blog.radiofabrik.at\/radio-andrae\/2018\/03\/19\/so-wars-einmal-maerchenupdates-teil-2\/","title":{"rendered":"&#8222;So war&#8217;s einmal..&#8220; M\u00e4rchenupdates, Teil 2"},"content":{"rendered":"<p><a href=\"https:\/\/cba.fro.at\/369781\">&#8222;So war&#8217;s einmal&#8230;&#8220; M\u00e4rchenupdates, Teil 2<\/a><\/p>\n<p>\u201eSo war\u2019s einmal, aber\u2026\u201c und \u201eW\u00fcnschen ist ganz sch\u00f6n schwer, man ist es nicht mehr so gewohnt\u2026\u201c, wer von uns kennt das nicht? Auch M\u00e4rchen brauchen ein Update. Was aus den M\u00e4rchenfiguren geworden ist, das k\u00f6nnt ihr\u00a0 in unserer Sendung h\u00f6ren. Wir waren n\u00e4mlich Adabeis und haben die neuesten Nachrichten aus dem M\u00e4rchenwald f\u00fcr euch.<\/p>\n<div class=\"cba-originator-attachment-headline\"><\/div>\n","protected":false},"excerpt":{"rendered":"<p>&#8222;So war&#8217;s einmal&#8230;&#8220; M\u00e4rchenupdates, Teil 2 \u201eSo war\u2019s einmal, aber\u2026\u201c und \u201eW\u00fcnschen ist ganz sch\u00f6n schwer, man ist es nicht mehr so gewohnt\u2026\u201c, wer von uns kennt das nicht? Auch M\u00e4rchen brauchen ein Update. Was aus den M\u00e4rchenfiguren geworden ist, &hellip; <a href=\"https:\/\/blog.radiofabrik.at\/radio-andrae\/2018\/03\/19\/so-wars-einmal-maerchenupdates-teil-2\/\">Weiterlesen <span class=\"meta-nav\">&rarr;<\/span><\/a><\/p>\n","protected":false},"author":228,"featured_media":0,"comment_status":"open","ping_status":"open","sticky":false,"template":"","format":"standard","meta":{"footnotes":""},"categories":[8907],"tags":[],"class_list":["post-396","post","type-post","status-publish","format-standard","hentry","category-wir-brauchen-dein-feedback"],"_links":{"self":[{"href":"https:\/\/blog.radiofabrik.at\/radio-andrae\/wp-json\/wp\/v2\/posts\/396","targetHints":{"allow":["GET"]}}],"collection":[{"href":"https:\/\/blog.radiofabrik.at\/radio-andrae\/wp-json\/wp\/v2\/posts"}],"about":[{"href":"https:\/\/blog.radiofabrik.at\/radio-andrae\/wp-json\/wp\/v2\/types\/post"}],"author":[{"embeddable":true,"href":"https:\/\/blog.radiofabrik.at\/radio-andrae\/wp-json\/wp\/v2\/users\/228"}],"replies":[{"embeddable":true,"href":"https:\/\/blog.radiofabrik.at\/radio-andrae\/wp-json\/wp\/v2\/comments?post=396"}],"version-history":[{"count":1,"href":"https:\/\/blog.radiofabrik.at\/radio-andrae\/wp-json\/wp\/v2\/posts\/396\/revisions"}],"predecessor-version":[{"id":397,"href":"https:\/\/blog.radiofabrik.at\/radio-andrae\/wp-json\/wp\/v2\/posts\/396\/revisions\/397"}],"wp:attachment":[{"href":"https:\/\/blog.radiofabrik.at\/radio-andrae\/wp-json\/wp\/v2\/media?parent=396"}],"wp:term":[{"taxonomy":"category","embeddable":true,"href":"https:\/\/blog.radiofabrik.at\/radio-andrae\/wp-json\/wp\/v2\/categories?post=396"},{"taxonomy":"post_tag","embeddable":true,"href":"https:\/\/blog.radiofabrik.at\/radio-andrae\/wp-json\/wp\/v2\/tags?post=396"}],"curies":[{"name":"wp","href":"https:\/\/api.w.org\/{rel}","templated":true}]}}