{"id":771,"date":"2013-03-14T10:01:57","date_gmt":"2013-03-14T09:01:57","guid":{"rendered":"http:\/\/blog.radiofabrik.at\/radiopolonia\/?p=771"},"modified":"2013-03-14T10:01:57","modified_gmt":"2013-03-14T09:01:57","slug":"zaproszenie-do-linz-na-v-turniej-tenisa-stolowego-o-puchar-gornej-austrii-einladung-zum-tischtennistournier-nach-linz","status":"publish","type":"post","link":"https:\/\/blog.radiofabrik.at\/radiopolonia\/2013\/03\/14\/zaproszenie-do-linz-na-v-turniej-tenisa-stolowego-o-puchar-gornej-austrii-einladung-zum-tischtennistournier-nach-linz\/","title":{"rendered":"Zaproszenie do Linz na V Turniej Tenisa Sto\u0142owego o Puchar G\u00f3rnej Austrii- Einladung zum Tischtennistournier nach Linz"},"content":{"rendered":"<p>Szanowni Pa\u0144stwo,<\/p>\n<p>&nbsp;<\/p>\n<p>w imieniu Wsp\u00f3lnoty Polak\u00f3w w G\u00f3rnej Austrii pragn\u0119 zaprosi\u0107 Pa\u0144stwa na:<\/p>\n<p>&nbsp;<\/p>\n<p>V Turniej Tenisa Sto\u0142owego o Puchar G\u00f3rnej Austrii<\/p>\n<p>&nbsp;<\/p>\n<p>kt\u00f3ry odb\u0119dzie si\u0119<\/p>\n<p>&nbsp;<\/p>\n<p>w sobot\u0119 16 marca 2013 roku o godz. 9:30<\/p>\n<p>&nbsp;<\/p>\n<p>Bisch\u00f6fliches Gymnasium Petrinum<\/p>\n<p>&nbsp;<\/p>\n<p>Petrinumstr.12<\/p>\n<p>&nbsp;<\/p>\n<p>4040 Linz &#8211; Urfahr<\/p>\n<p>&nbsp;<\/p>\n<p>&nbsp;<\/p>\n<p>&nbsp;<\/p>\n<p>Wi\u0119cej informacji o turnieju znajdziecie Pa\u0144stwo pod poni\u017cszym linkiem:<\/p>\n<p>&nbsp;<\/p>\n<p>http:\/\/www.poloniaoberoesterreich.com\/wp\/?p=3662&#038;lang=pl#more-3662<\/p>\n<p>&nbsp;<\/p>\n<p>&nbsp;<\/p>\n<p>&nbsp;<\/p>\n<p>Serdecznie zapraszamy<\/p>\n<p>&nbsp;<\/p>\n<p>Julian Gaborek<\/p>\n<p>&nbsp;<\/p>\n<p>Prezes<\/p>\n<p>Wsp\u00f3lnota Polak\u00f3w w G\u00f3rnej Austrii<\/p>\n<p>Am Hochland 11<\/p>\n<p>4073 Wilhering\/Linz<\/p>\n<p>Tel.\/Fax.: +43 (0)7221\/88116<\/p>\n<p>Mobil: +43 (0)650\/9045133<\/p>\n<p>j.gaborek@poloniaoberoesterreich.com<\/p>\n<p>http:\/\/www.poloniaoberoesterreich.com<\/p>\n<p>&nbsp;<\/p>\n<p>&nbsp;<\/p>\n","protected":false},"excerpt":{"rendered":"<p>Szanowni Pa\u0144stwo, &nbsp; w imieniu Wsp\u00f3lnoty Polak\u00f3w w G\u00f3rnej Austrii pragn\u0119 zaprosi\u0107 Pa\u0144stwa na: &nbsp; V Turniej Tenisa Sto\u0142owego o Puchar G\u00f3rnej Austrii &nbsp; kt\u00f3ry odb\u0119dzie si\u0119 &nbsp; w sobot\u0119 16 marca 2013 roku o godz. 9:30 &nbsp; Bisch\u00f6fliches Gymnasium &hellip; <a href=\"https:\/\/blog.radiofabrik.at\/radiopolonia\/2013\/03\/14\/zaproszenie-do-linz-na-v-turniej-tenisa-stolowego-o-puchar-gornej-austrii-einladung-zum-tischtennistournier-nach-linz\/\">Weiterlesen <span class=\"meta-nav\">&rarr;<\/span><\/a><\/p>\n","protected":false},"author":84,"featured_media":0,"comment_status":"open","ping_status":"open","sticky":false,"template":"","format":"standard","meta":{"footnotes":""},"categories":[1],"tags":[],"class_list":["post-771","post","type-post","status-publish","format-standard","hentry","category-uncategorized"],"_links":{"self":[{"href":"https:\/\/blog.radiofabrik.at\/radiopolonia\/wp-json\/wp\/v2\/posts\/771","targetHints":{"allow":["GET"]}}],"collection":[{"href":"https:\/\/blog.radiofabrik.at\/radiopolonia\/wp-json\/wp\/v2\/posts"}],"about":[{"href":"https:\/\/blog.radiofabrik.at\/radiopolonia\/wp-json\/wp\/v2\/types\/post"}],"author":[{"embeddable":true,"href":"https:\/\/blog.radiofabrik.at\/radiopolonia\/wp-json\/wp\/v2\/users\/84"}],"replies":[{"embeddable":true,"href":"https:\/\/blog.radiofabrik.at\/radiopolonia\/wp-json\/wp\/v2\/comments?post=771"}],"version-history":[{"count":2,"href":"https:\/\/blog.radiofabrik.at\/radiopolonia\/wp-json\/wp\/v2\/posts\/771\/revisions"}],"predecessor-version":[{"id":773,"href":"https:\/\/blog.radiofabrik.at\/radiopolonia\/wp-json\/wp\/v2\/posts\/771\/revisions\/773"}],"wp:attachment":[{"href":"https:\/\/blog.radiofabrik.at\/radiopolonia\/wp-json\/wp\/v2\/media?parent=771"}],"wp:term":[{"taxonomy":"category","embeddable":true,"href":"https:\/\/blog.radiofabrik.at\/radiopolonia\/wp-json\/wp\/v2\/categories?post=771"},{"taxonomy":"post_tag","embeddable":true,"href":"https:\/\/blog.radiofabrik.at\/radiopolonia\/wp-json\/wp\/v2\/tags?post=771"}],"curies":[{"name":"wp","href":"https:\/\/api.w.org\/{rel}","templated":true}]}}