{"id":700,"date":"2013-09-06T09:42:54","date_gmt":"2013-09-06T07:42:54","guid":{"rendered":"http:\/\/blog.radiofabrik.at\/stadtteilradio\/?p=700"},"modified":"2013-09-06T09:42:54","modified_gmt":"2013-09-06T07:42:54","slug":"stadtteilradio-maxglan-im-septemer-roma-video_drom","status":"publish","type":"post","link":"https:\/\/blog.radiofabrik.at\/stadtteilradio\/2013\/09\/06\/stadtteilradio-maxglan-im-septemer-roma-video_drom\/","title":{"rendered":"stadtteilradio maxglan im septemer: roma video_drom"},"content":{"rendered":"<p>Lina \u010ceni\u0107  im Gespr\u00e4ch mit Hermann Peseckas, Filmemacher vom Studio West \u00fcber das Roma und Sinti Filmfestival video_drom, das ab 02.10.2013 erneut in Salzburg stattfindet.<\/p>\n","protected":false},"excerpt":{"rendered":"<p>Lina \u010ceni\u0107 im Gespr\u00e4ch mit Hermann Peseckas, Filmemacher vom Studio West \u00fcber das Roma und Sinti Filmfestival video_drom, das ab 02.10.2013 erneut in Salzburg stattfindet.<\/p>\n","protected":false},"author":138,"featured_media":0,"comment_status":"open","ping_status":"open","sticky":false,"template":"","format":"standard","meta":{"footnotes":""},"categories":[1],"tags":[],"class_list":["post-700","post","type-post","status-publish","format-standard","hentry","category-uncategorized"],"_links":{"self":[{"href":"https:\/\/blog.radiofabrik.at\/stadtteilradio\/wp-json\/wp\/v2\/posts\/700","targetHints":{"allow":["GET"]}}],"collection":[{"href":"https:\/\/blog.radiofabrik.at\/stadtteilradio\/wp-json\/wp\/v2\/posts"}],"about":[{"href":"https:\/\/blog.radiofabrik.at\/stadtteilradio\/wp-json\/wp\/v2\/types\/post"}],"author":[{"embeddable":true,"href":"https:\/\/blog.radiofabrik.at\/stadtteilradio\/wp-json\/wp\/v2\/users\/138"}],"replies":[{"embeddable":true,"href":"https:\/\/blog.radiofabrik.at\/stadtteilradio\/wp-json\/wp\/v2\/comments?post=700"}],"version-history":[{"count":0,"href":"https:\/\/blog.radiofabrik.at\/stadtteilradio\/wp-json\/wp\/v2\/posts\/700\/revisions"}],"wp:attachment":[{"href":"https:\/\/blog.radiofabrik.at\/stadtteilradio\/wp-json\/wp\/v2\/media?parent=700"}],"wp:term":[{"taxonomy":"category","embeddable":true,"href":"https:\/\/blog.radiofabrik.at\/stadtteilradio\/wp-json\/wp\/v2\/categories?post=700"},{"taxonomy":"post_tag","embeddable":true,"href":"https:\/\/blog.radiofabrik.at\/stadtteilradio\/wp-json\/wp\/v2\/tags?post=700"}],"curies":[{"name":"wp","href":"https:\/\/api.w.org\/{rel}","templated":true}]}}