{"id":720,"date":"2013-10-27T21:31:54","date_gmt":"2013-10-27T20:31:54","guid":{"rendered":"http:\/\/blog.radiofabrik.at\/stadtteilradio\/?p=720"},"modified":"2013-10-27T21:31:54","modified_gmt":"2013-10-27T20:31:54","slug":"lebendiges-lehen-im-oktober-virtuos","status":"publish","type":"post","link":"https:\/\/blog.radiofabrik.at\/stadtteilradio\/2013\/10\/27\/lebendiges-lehen-im-oktober-virtuos\/","title":{"rendered":"Lebendiges Lehen im Oktober: Virtuos!"},"content":{"rendered":"<p>Gesang und Gitarre &#8211; diesmal wird es musikalisch!<\/p>\n<p>In der Ausgabe von &#8222;LEBENDIGES LEHEN&#8220; vom 28. Oktober 2013 begr\u00fc\u00dft Karl Zankl um 17:00 einen jungen Nachwuchsstar im Studio: Daniela Vordermayer.\u00a0 Die talentierte Sch\u00fclerin des Musischen Gymnasiums Salzburg pr\u00e4sentiert ihre selbst komponierten Songs erstmals der \u00d6ffentlichkeit. Wir freuen uns!<\/p>\n<p>Moderation: Karl Zankl<\/p>\n<p>Studio: Georg Aigner<\/p>\n","protected":false},"excerpt":{"rendered":"<p>Gesang und Gitarre &#8211; diesmal wird es musikalisch! In der Ausgabe von &#8222;LEBENDIGES LEHEN&#8220; vom 28. Oktober 2013 begr\u00fc\u00dft Karl Zankl um 17:00 einen jungen Nachwuchsstar im Studio: Daniela Vordermayer.\u00a0 Die talentierte Sch\u00fclerin des Musischen Gymnasiums Salzburg pr\u00e4sentiert ihre selbst &hellip; <a href=\"https:\/\/blog.radiofabrik.at\/stadtteilradio\/2013\/10\/27\/lebendiges-lehen-im-oktober-virtuos\/\">Weiterlesen <span class=\"meta-nav\">&rarr;<\/span><\/a><\/p>\n","protected":false},"author":138,"featured_media":0,"comment_status":"open","ping_status":"open","sticky":false,"template":"","format":"standard","meta":{"footnotes":""},"categories":[1,4348],"tags":[],"class_list":["post-720","post","type-post","status-publish","format-standard","hentry","category-uncategorized","category-lehen"],"_links":{"self":[{"href":"https:\/\/blog.radiofabrik.at\/stadtteilradio\/wp-json\/wp\/v2\/posts\/720","targetHints":{"allow":["GET"]}}],"collection":[{"href":"https:\/\/blog.radiofabrik.at\/stadtteilradio\/wp-json\/wp\/v2\/posts"}],"about":[{"href":"https:\/\/blog.radiofabrik.at\/stadtteilradio\/wp-json\/wp\/v2\/types\/post"}],"author":[{"embeddable":true,"href":"https:\/\/blog.radiofabrik.at\/stadtteilradio\/wp-json\/wp\/v2\/users\/138"}],"replies":[{"embeddable":true,"href":"https:\/\/blog.radiofabrik.at\/stadtteilradio\/wp-json\/wp\/v2\/comments?post=720"}],"version-history":[{"count":3,"href":"https:\/\/blog.radiofabrik.at\/stadtteilradio\/wp-json\/wp\/v2\/posts\/720\/revisions"}],"predecessor-version":[{"id":723,"href":"https:\/\/blog.radiofabrik.at\/stadtteilradio\/wp-json\/wp\/v2\/posts\/720\/revisions\/723"}],"wp:attachment":[{"href":"https:\/\/blog.radiofabrik.at\/stadtteilradio\/wp-json\/wp\/v2\/media?parent=720"}],"wp:term":[{"taxonomy":"category","embeddable":true,"href":"https:\/\/blog.radiofabrik.at\/stadtteilradio\/wp-json\/wp\/v2\/categories?post=720"},{"taxonomy":"post_tag","embeddable":true,"href":"https:\/\/blog.radiofabrik.at\/stadtteilradio\/wp-json\/wp\/v2\/tags?post=720"}],"curies":[{"name":"wp","href":"https:\/\/api.w.org\/{rel}","templated":true}]}}