{"id":946,"date":"2015-03-12T18:57:31","date_gmt":"2015-03-12T17:57:31","guid":{"rendered":"http:\/\/blog.radiofabrik.at\/stadtteilradio\/?p=946"},"modified":"2015-03-12T18:57:31","modified_gmt":"2015-03-12T17:57:31","slug":"stadtteilradio-aigen-2","status":"publish","type":"post","link":"https:\/\/blog.radiofabrik.at\/stadtteilradio\/2015\/03\/12\/stadtteilradio-aigen-2\/","title":{"rendered":"STADTTEILRADIO AIGEN"},"content":{"rendered":"<p>DAS STADTTEILRADIO AIGEN\u00a0 BERICHTET AM 13. M\u00c4RZ, AUS GUTEM GRUND, \u00dcBER DEN EUROP\u00c4ISCHEN NOTRUF 112<\/p>\n","protected":false},"excerpt":{"rendered":"<p>DAS STADTTEILRADIO AIGEN\u00a0 BERICHTET AM 13. M\u00c4RZ, AUS GUTEM GRUND, \u00dcBER DEN EUROP\u00c4ISCHEN NOTRUF 112<\/p>\n","protected":false},"author":138,"featured_media":0,"comment_status":"open","ping_status":"open","sticky":false,"template":"","format":"standard","meta":{"footnotes":""},"categories":[4344],"tags":[33586,9086],"class_list":["post-946","post","type-post","status-publish","format-standard","hentry","category-aigen","tag-europaeischer-notruf-112","tag-menschen"],"_links":{"self":[{"href":"https:\/\/blog.radiofabrik.at\/stadtteilradio\/wp-json\/wp\/v2\/posts\/946","targetHints":{"allow":["GET"]}}],"collection":[{"href":"https:\/\/blog.radiofabrik.at\/stadtteilradio\/wp-json\/wp\/v2\/posts"}],"about":[{"href":"https:\/\/blog.radiofabrik.at\/stadtteilradio\/wp-json\/wp\/v2\/types\/post"}],"author":[{"embeddable":true,"href":"https:\/\/blog.radiofabrik.at\/stadtteilradio\/wp-json\/wp\/v2\/users\/138"}],"replies":[{"embeddable":true,"href":"https:\/\/blog.radiofabrik.at\/stadtteilradio\/wp-json\/wp\/v2\/comments?post=946"}],"version-history":[{"count":1,"href":"https:\/\/blog.radiofabrik.at\/stadtteilradio\/wp-json\/wp\/v2\/posts\/946\/revisions"}],"predecessor-version":[{"id":947,"href":"https:\/\/blog.radiofabrik.at\/stadtteilradio\/wp-json\/wp\/v2\/posts\/946\/revisions\/947"}],"wp:attachment":[{"href":"https:\/\/blog.radiofabrik.at\/stadtteilradio\/wp-json\/wp\/v2\/media?parent=946"}],"wp:term":[{"taxonomy":"category","embeddable":true,"href":"https:\/\/blog.radiofabrik.at\/stadtteilradio\/wp-json\/wp\/v2\/categories?post=946"},{"taxonomy":"post_tag","embeddable":true,"href":"https:\/\/blog.radiofabrik.at\/stadtteilradio\/wp-json\/wp\/v2\/tags?post=946"}],"curies":[{"name":"wp","href":"https:\/\/api.w.org\/{rel}","templated":true}]}}