{"id":39,"date":"2011-04-06T11:39:14","date_gmt":"2011-04-06T11:39:14","guid":{"rendered":"http:\/\/blog.radiofabrik.at\/teenfm\/?p=39"},"modified":"2011-04-06T11:41:33","modified_gmt":"2011-04-06T11:41:33","slug":"teenfm-ist-in-der-zeitung","status":"publish","type":"post","link":"https:\/\/blog.radiofabrik.at\/teenfm\/2011\/04\/06\/teenfm-ist-in-der-zeitung\/","title":{"rendered":"TeenFm ist in der Zeitung!"},"content":{"rendered":"<p>Wir haben schon vor ein paar Wochen eine Presseaussendung losgeschickt und jetzt ist es soweit, wir sind in der Zeitung.<br \/>\nLeider wurden Fotos, die wir extra f\u00fcr die Zeitung gemacht h\u00e4tten, nicht genommen. (Jedoch ein \u00e4lteres.)<\/p>\n<p><strong>RADIOFABRIK \/ TEEN FM<\/strong><\/p>\n<p><em>05\/04\/11<\/em> Live-Sendungen finden alle am coolsten. \u201eDas ist aufregend, weil wir da voll konzentriert sind.\u201c Die behandelten Themen reichen von Social Media und Jugendkultur \u00fcber M\u00e4dchenbands bis hin zur Frage, wo es in Salzburg die g\u00fcnstigsten Pizzen gibt: Die Radiofabrik-Sendeschiene \u201eTeen FM\u201c.<br \/>\n<a href=\"https:\/\/blog.radiofabrik.at\/teenfm\/files\/2011\/04\/P1020470_5113a56c3f.jpg\"><img loading=\"lazy\" decoding=\"async\" class=\"alignright size-medium wp-image-46\" src=\"https:\/\/blog.radiofabrik.at\/teenfm\/files\/2011\/04\/P1020470_5113a56c3f-300x225.jpg\" alt=\"\" width=\"300\" height=\"225\" srcset=\"https:\/\/blog.radiofabrik.at\/teenfm\/files\/2011\/04\/P1020470_5113a56c3f-300x225.jpg 300w, https:\/\/blog.radiofabrik.at\/teenfm\/files\/2011\/04\/P1020470_5113a56c3f.jpg 356w\" sizes=\"auto, (max-width: 300px) 100vw, 300px\" \/><\/a><br \/>\nSophia, Lennart, Paul und Schmirli lernten sich bei Mini-Salzburg kennen. Aylin und Schmirli spielten schon als Kinder miteinander. Laura und Damien besuchen dieselbe Klasse im BG Nonntal. Carolina ist zur Gruppe gesto\u00dfen, als sie einen Radio-Workshop besuchte. Sie alle zusammen sind Teen FM, eine Radiosendung, die von M\u00e4dchen und Jungen im Alter von 13 bis 16 Jahren auf der Radiofabrik gestaltet wird. Ihr Motto lautet: Teen FM rocks your radio!<\/p>\n<p>Seit Dezember 2009 sind die Jugendlichen regelm\u00e4\u00dfig on Air. Dass sie etwas zu sagen haben und etwas bewegen m\u00f6chten, war schon im Rahmen von Mini-Salzburg offensichtlich. Schmirli war dort B\u00fcrgermeisterin, Paul B\u00fcrgermeister. Nun tragen die Jugendlichen ihr Engagement auch ins Radio. Paul, weil er gerne \u00fcber Politik und Sport redet. Aylin, weil sie ihre Interessen gerne mit anderen teilt.<\/p>\n<p>Wo es n\u00f6tig ist, erhalten die Mitglieder von Teen FM Unterst\u00fctzung von Iris Perner vom Verein Spektrum und Mirjam Winter von der Radiofabrik. Was angeblich immer seltener der Fall ist. \u201eEs sind immer Live-Sendungen\u201c, sagt Iris Perner, Die Jugendlichen sind in Gruppen unterwegs und unterhalten sich mit G\u00e4sten.<\/p>\n<p>Die Bewerbung \u00fcber Facebook, Twitter &amp; Co soll garantieren, dass interessierte Jugendliche in der Sendung anrufen und live mit diskutieren. Das Sendeschema ist ein wenig un\u00fcbersichtlich: am 1., 2. Und 4. Dienstag jedes Monats sowie am 1. Mittwoch und am 4. Donnerstag ist man mit \u201eTeen FM\u201c on air, jeweils von 18.30 bis 19 Uhr. &#8211; www.radiofabrik.at<\/p>\n<p>&nbsp;<\/p>\n<p>http:\/\/www.drehpunktkultur.at\/index.php?option=com_content&#038;view=article&#038;id=2744:was-die-jugendlichen-zu-erzaehlen-haben&#038;catid=154:medien&#038;Itemid=172<\/p>\n","protected":false},"excerpt":{"rendered":"<p>Wir haben schon vor ein paar Wochen eine Presseaussendung losgeschickt und jetzt ist es soweit, wir sind in der Zeitung. Leider wurden Fotos, die wir extra f\u00fcr die Zeitung gemacht h\u00e4tten, nicht genommen. (Jedoch ein \u00e4lteres.) RADIOFABRIK \/ TEEN FM &hellip; <a href=\"https:\/\/blog.radiofabrik.at\/teenfm\/2011\/04\/06\/teenfm-ist-in-der-zeitung\/\">Weiterlesen <span class=\"meta-nav\">&rarr;<\/span><\/a><\/p>\n","protected":false},"author":208,"featured_media":0,"comment_status":"open","ping_status":"open","sticky":false,"template":"","format":"standard","meta":{"footnotes":""},"categories":[21],"tags":[],"class_list":["post-39","post","type-post","status-publish","format-standard","hentry","category-jugendradio"],"_links":{"self":[{"href":"https:\/\/blog.radiofabrik.at\/teenfm\/wp-json\/wp\/v2\/posts\/39","targetHints":{"allow":["GET"]}}],"collection":[{"href":"https:\/\/blog.radiofabrik.at\/teenfm\/wp-json\/wp\/v2\/posts"}],"about":[{"href":"https:\/\/blog.radiofabrik.at\/teenfm\/wp-json\/wp\/v2\/types\/post"}],"author":[{"embeddable":true,"href":"https:\/\/blog.radiofabrik.at\/teenfm\/wp-json\/wp\/v2\/users\/208"}],"replies":[{"embeddable":true,"href":"https:\/\/blog.radiofabrik.at\/teenfm\/wp-json\/wp\/v2\/comments?post=39"}],"version-history":[{"count":6,"href":"https:\/\/blog.radiofabrik.at\/teenfm\/wp-json\/wp\/v2\/posts\/39\/revisions"}],"predecessor-version":[{"id":54,"href":"https:\/\/blog.radiofabrik.at\/teenfm\/wp-json\/wp\/v2\/posts\/39\/revisions\/54"}],"wp:attachment":[{"href":"https:\/\/blog.radiofabrik.at\/teenfm\/wp-json\/wp\/v2\/media?parent=39"}],"wp:term":[{"taxonomy":"category","embeddable":true,"href":"https:\/\/blog.radiofabrik.at\/teenfm\/wp-json\/wp\/v2\/categories?post=39"},{"taxonomy":"post_tag","embeddable":true,"href":"https:\/\/blog.radiofabrik.at\/teenfm\/wp-json\/wp\/v2\/tags?post=39"}],"curies":[{"name":"wp","href":"https:\/\/api.w.org\/{rel}","templated":true}]}}